{"id":298784,"date":"2015-08-03T12:49:09","date_gmt":"2015-08-03T17:49:09","guid":{"rendered":"http:\/\/futboltotal.com.mx\/?p=298784"},"modified":"2015-08-03T14:19:53","modified_gmt":"2015-08-03T19:19:53","slug":"real-madrid-viaja-sin-cristiano-y-benzema","status":"publish","type":"post","link":"http:\/\/desarrollo.grupomedios.com\/futbol\/futbol-internacional\/real-madrid-viaja-sin-cristiano-y-benzema\/2015\/08","title":{"rendered":"Real Madrid viaja sin Cristiano y Benzema"},"content":{"rendered":"<p><strong>Real Madrid<\/strong> tendr\u00e1 que arregl\u00e1rselas sin <strong>Cristiano Ronaldo<\/strong> y <strong>Karim Benzema <\/strong>en la <strong>Audi Cup<\/strong>, en la que enfrentar\u00e1 al Tottenham, Inter de Milan y Bayern M\u00fanich. El par de internacionales no viajaron a Alemania, debido a que sufren molestias musculares; <em>CR7<\/em> padece una lumbalgia y Karim una sobrecarga en el muslo derecho.<\/p>\n<p>\u201cCristiano y Benzema no vienen, han tenido unos problemas esta ma\u00f1ana y preferimos no arriesgar porque lo m\u00e1s importante es la salud de los futbolistas. El resto de la plantilla est\u00e1 aqu\u00ed, salvo F\u00e1bio Coentrao, que estaba lesionado\u201d, dijo el entrenador Rafael Ben\u00edtez en la rueda de prensa de este lunes.<\/p>\n<p>Despu\u00e9s de disputar una serie de compromisos en la International Champions Cup, el Real Madrid vol\u00f3 a Europa, donde este martes iniciar\u00e1 su participaci\u00f3n en la Audi Cup. Su primer compromiso ser\u00e1 ante el Tottenham en el Allianz Arena y si resultar vencedor tendr\u00e1 que enfrentar al Bayern M\u00fanich o Inter de Milan, que se enfrentan en otra eliminatoria. La final ser\u00e1 el mi\u00e9rcoles 5 de agosto.<\/p>\n<p>El Real Madrid continuar\u00e1 la gira por territorio europeo y viajar\u00e1 la noche del mi\u00e9rcoles a Noruega, donde el pr\u00f3ximo domingo se medir\u00e1 al Valereng en el estadio Ullevaal de Oslo. Este partido ser\u00e1 el s\u00e9ptimo de los <em>Blancos <\/em>en la pretemporada y tampoco podr\u00e1n disputarlo Cristiano y Benzema, entre algodones durante lo que resta de semana &#8220;para evitar correr riesgos&#8221;.<\/p>\n","protected":false},"excerpt":{"rendered":"<p>El par de cracks presenta problemas musculares y no jugar\u00e1 la Audi Cup<\/p>\n","protected":false},"author":20,"featured_media":298843,"comment_status":"open","ping_status":"open","sticky":false,"template":"","format":"standard","meta":[],"categories":[3839,3844],"tags":[1961,6013,5988],"_links":{"self":[{"href":"http:\/\/desarrollo.grupomedios.com\/futbol\/wp-json\/wp\/v2\/posts\/298784"}],"collection":[{"href":"http:\/\/desarrollo.grupomedios.com\/futbol\/wp-json\/wp\/v2\/posts"}],"about":[{"href":"http:\/\/desarrollo.grupomedios.com\/futbol\/wp-json\/wp\/v2\/types\/post"}],"author":[{"embeddable":true,"href":"http:\/\/desarrollo.grupomedios.com\/futbol\/wp-json\/wp\/v2\/users\/20"}],"replies":[{"embeddable":true,"href":"http:\/\/desarrollo.grupomedios.com\/futbol\/wp-json\/wp\/v2\/comments?post=298784"}],"version-history":[{"count":0,"href":"http:\/\/desarrollo.grupomedios.com\/futbol\/wp-json\/wp\/v2\/posts\/298784\/revisions"}],"wp:featuredmedia":[{"embeddable":true,"href":"http:\/\/desarrollo.grupomedios.com\/futbol\/wp-json\/wp\/v2\/media\/298843"}],"wp:attachment":[{"href":"http:\/\/desarrollo.grupomedios.com\/futbol\/wp-json\/wp\/v2\/media?parent=298784"}],"wp:term":[{"taxonomy":"category","embeddable":true,"href":"http:\/\/desarrollo.grupomedios.com\/futbol\/wp-json\/wp\/v2\/categories?post=298784"},{"taxonomy":"post_tag","embeddable":true,"href":"http:\/\/desarrollo.grupomedios.com\/futbol\/wp-json\/wp\/v2\/tags?post=298784"}],"curies":[{"name":"wp","href":"https:\/\/api.w.org\/{rel}","templated":true}]}}