{"id":298973,"date":"2015-08-04T08:10:54","date_gmt":"2015-08-04T13:10:54","guid":{"rendered":"http:\/\/futboltotal.com.mx\/?p=298973"},"modified":"2015-08-03T20:36:12","modified_gmt":"2015-08-04T01:36:12","slug":"quien-para-dt-del-tri-marcelo-bielsa","status":"publish","type":"post","link":"http:\/\/desarrollo.grupomedios.com\/futbol\/destacado-home\/quien-para-dt-del-tri-marcelo-bielsa\/2015\/08","title":{"rendered":"\u00bfQui\u00e9n para DT del Tri? Marcelo Bielsa&#8230;"},"content":{"rendered":"<p>La <a href=\"http:\/\/futboltotal.com.mx\/futbol-mexicano\/seleccion-mexicana\/\" target=\"_blank\"><strong>Selecci\u00f3n Mexicana<\/strong><\/a> sigue en su b\u00fasqueda del t\u00e9cnico que tome las riendas del equipo y contin\u00fae el proceso con miras al Mundial de Rusia 2018. Entre los diversos candidatos se encuentra el actual estratega del Olympique de Marsella, <strong>Marcelo Bielsa<\/strong>.<\/p>\n<p>El argentino es un viejo conocido de la Liga MX porque dirigi\u00f3 al Atlas (1993-94) al cual llev\u00f3 hasta los Cuartos de Final donde perdi\u00f3 con Santos (4-2 global). De igual forma, estuvo en el banquillo del Am\u00e9rica (1995-96), donde alcanz\u00f3 las Semifinales, mismas en las que cay\u00f3 frente al Necaxa (3-1 global).<\/p>\n<p>Desde su debut como timonel en el Newell&#8217;s Old Boys, <strong>Marcelo Bielsa<\/strong> presume nueve equipos: V\u00e9lez Sarsfield (1997-98), RCD Espanyol (1998), las selecciones de Argentina (1998-2004) y Chile (2007-2011); adem\u00e1s del Athletic Club (2011-2013) y finalmente el Marsella al cual arrib\u00f3 en 2014.<\/p>\n<p>La posibilidad de que <em>Loco<\/em> acepte dirigir al <em>Tri<\/em>, provoca la aprobaci\u00f3n de los aficionados, porque consideran que su estricto car\u00e1cter aunado a los discursos que suele dar; ayudar\u00edan a que los jugadores mexicanos se \u201cenderecen\u201d, adem\u00e1s de alentarlos a superarse y que ello se refleje en las canchas y logros deportivos.<\/p>\n<p>Si bien la cosecha de t\u00edtulos de <strong>Marcelo Bielsa<\/strong> son contadas pues tiene un par de ligas argentinas, adem\u00e1s de una Medalla de Oro en Atenas 2004; en el plano individual presume haber sido el mejor DT del 2001 a nivel selecci\u00f3n, cuando esaba en la <em>Albiceleste<\/em>.<\/p>\n<p>[video_player]https:\/\/player.vimeo.com\/external\/135308448.sd.mp4?s=363c5810e3ffb303603a2da0bc3c2398&amp;profile_id=112<br \/>\n[\/video_player]<\/p>\n","protected":false},"excerpt":{"rendered":"<p>El argentino es reconocido por sus discursos de motivaci\u00f3n<\/p>\n","protected":false},"author":20,"featured_media":298974,"comment_status":"open","ping_status":"open","sticky":false,"template":"","format":"standard","meta":[],"categories":[5,2198,3847],"tags":[1173,5979],"_links":{"self":[{"href":"http:\/\/desarrollo.grupomedios.com\/futbol\/wp-json\/wp\/v2\/posts\/298973"}],"collection":[{"href":"http:\/\/desarrollo.grupomedios.com\/futbol\/wp-json\/wp\/v2\/posts"}],"about":[{"href":"http:\/\/desarrollo.grupomedios.com\/futbol\/wp-json\/wp\/v2\/types\/post"}],"author":[{"embeddable":true,"href":"http:\/\/desarrollo.grupomedios.com\/futbol\/wp-json\/wp\/v2\/users\/20"}],"replies":[{"embeddable":true,"href":"http:\/\/desarrollo.grupomedios.com\/futbol\/wp-json\/wp\/v2\/comments?post=298973"}],"version-history":[{"count":0,"href":"http:\/\/desarrollo.grupomedios.com\/futbol\/wp-json\/wp\/v2\/posts\/298973\/revisions"}],"wp:featuredmedia":[{"embeddable":true,"href":"http:\/\/desarrollo.grupomedios.com\/futbol\/wp-json\/wp\/v2\/media\/298974"}],"wp:attachment":[{"href":"http:\/\/desarrollo.grupomedios.com\/futbol\/wp-json\/wp\/v2\/media?parent=298973"}],"wp:term":[{"taxonomy":"category","embeddable":true,"href":"http:\/\/desarrollo.grupomedios.com\/futbol\/wp-json\/wp\/v2\/categories?post=298973"},{"taxonomy":"post_tag","embeddable":true,"href":"http:\/\/desarrollo.grupomedios.com\/futbol\/wp-json\/wp\/v2\/tags?post=298973"}],"curies":[{"name":"wp","href":"https:\/\/api.w.org\/{rel}","templated":true}]}}