{"id":299015,"date":"2015-08-04T08:33:31","date_gmt":"2015-08-04T13:33:31","guid":{"rendered":"http:\/\/futboltotal.com.mx\/?p=299015"},"modified":"2015-08-04T08:35:05","modified_gmt":"2015-08-04T13:35:05","slug":"recomiendan-a-klopp-para-el-bayern-munich","status":"publish","type":"post","link":"http:\/\/desarrollo.grupomedios.com\/futbol\/futbol-internacional\/liga-de-espana\/recomiendan-a-klopp-para-el-bayern-munich\/2015\/08","title":{"rendered":"Recomiendan a Klopp para el Bayern Munich"},"content":{"rendered":"<p>La situaci\u00f3n tensa en la conferencia de prensa que confront\u00f3 el lunes parece no encontrar el camino de la paz. Para Pep Guardiola, la\u00a0<strong><a href=\"http:\/\/futboltotal.com.mx\/2015\/08\/wolfsburgo-campeon-de-la-supercopa-alemana\/\">Supercopa de Alemania perdida ante Wolfsburgo<\/a><\/strong> (tercera en su etapa como estratega del Bayern Munich) ha alimentado m\u00e1s las cr\u00edticas de lo imaginado y este martes la prensa alemana hizo eco de una recomendaci\u00f3n tan inesperada como agradable para muchos fan\u00e1ticos del equipo, pues el directivo del Borussia Dortmund, Hans Joachim Watzke, aconsej\u00f3 la contrataci\u00f3n de\u00a0<strong>J\u00fcrgen Klopp.<\/strong><\/p>\n<p>&#8220;J\u00fcrgen Klopp es un buen candidato para cualquier club puntero. <strong>Klopp y el Bayern encajar\u00edan al 100 %<\/strong>&#8220;, declar\u00f3 el dirigente al <em>Rheinische Post.<\/em><\/p>\n<p><a href=\"http:\/\/futboltotal.com.mx\/wp-content\/uploads\/2015\/08\/Klopp-e1438695160269.jpg\"><img decoding=\"async\" loading=\"lazy\" class=\"alignnone size-full wp-image-299017\" src=\"http:\/\/futboltotal.com.mx\/wp-content\/uploads\/2015\/08\/Klopp-e1438695160269.jpg\" alt=\"Klopp\" \/><\/a><\/p>\n<p>La recomendaci\u00f3n de Watzke en favor de Klopp se produce en medio de las cr\u00edticas vertidas en los medios y entre colegas de profesi\u00f3n hacia Pep Guardiola, a quien califican de &#8220;irritante&#8221;.<\/p>\n<p>Guardiola tiene ante s\u00ed, este martes y mi\u00e9rcoles, un compromiso de alto rango en la pretemporada de la Bundesliga, ya que compite junto al Real Madrid, el Tottenham y el AC Mil\u00e1n en la Audi Cup, que se disputa en la Allianz Arena de M\u00fanich.<\/p>\n<p>El t\u00e9cnico espa\u00f1ol protagoniz\u00f3 ayer una tensa conferencia de prensa marcada por las<strong><a href=\"http:\/\/futboltotal.com.mx\/2015\/08\/guardiola-no-es-el-mejor-entrenador-del-mundo\/\"> cr\u00edticas recibidas por los exinternacionales alemanes Lothar Matth\u00e4us y Stefan Effenberg<\/a><\/strong>, que consideran mejor al portugu\u00e9s Jose Mourinho.<\/p>\n<p>&nbsp;<\/p>\n","protected":false},"excerpt":{"rendered":"<p>Las cr\u00edticas hacia Pep Guardiola se han trasladado a niveles insospechados <\/p>\n","protected":false},"author":20,"featured_media":299016,"comment_status":"open","ping_status":"open","sticky":false,"template":"","format":"standard","meta":[],"categories":[3844],"tags":[2056,2863,1791],"_links":{"self":[{"href":"http:\/\/desarrollo.grupomedios.com\/futbol\/wp-json\/wp\/v2\/posts\/299015"}],"collection":[{"href":"http:\/\/desarrollo.grupomedios.com\/futbol\/wp-json\/wp\/v2\/posts"}],"about":[{"href":"http:\/\/desarrollo.grupomedios.com\/futbol\/wp-json\/wp\/v2\/types\/post"}],"author":[{"embeddable":true,"href":"http:\/\/desarrollo.grupomedios.com\/futbol\/wp-json\/wp\/v2\/users\/20"}],"replies":[{"embeddable":true,"href":"http:\/\/desarrollo.grupomedios.com\/futbol\/wp-json\/wp\/v2\/comments?post=299015"}],"version-history":[{"count":0,"href":"http:\/\/desarrollo.grupomedios.com\/futbol\/wp-json\/wp\/v2\/posts\/299015\/revisions"}],"wp:featuredmedia":[{"embeddable":true,"href":"http:\/\/desarrollo.grupomedios.com\/futbol\/wp-json\/wp\/v2\/media\/299016"}],"wp:attachment":[{"href":"http:\/\/desarrollo.grupomedios.com\/futbol\/wp-json\/wp\/v2\/media?parent=299015"}],"wp:term":[{"taxonomy":"category","embeddable":true,"href":"http:\/\/desarrollo.grupomedios.com\/futbol\/wp-json\/wp\/v2\/categories?post=299015"},{"taxonomy":"post_tag","embeddable":true,"href":"http:\/\/desarrollo.grupomedios.com\/futbol\/wp-json\/wp\/v2\/tags?post=299015"}],"curies":[{"name":"wp","href":"https:\/\/api.w.org\/{rel}","templated":true}]}}