{"id":299043,"date":"2015-08-04T10:30:21","date_gmt":"2015-08-04T15:30:21","guid":{"rendered":"http:\/\/futboltotal.com.mx\/?p=299043"},"modified":"2015-08-04T11:02:29","modified_gmt":"2015-08-04T16:02:29","slug":"marcelo-bielsa-nuevo-tecnico-de-mexico","status":"publish","type":"post","link":"http:\/\/desarrollo.grupomedios.com\/futbol\/destacado-home\/marcelo-bielsa-nuevo-tecnico-de-mexico\/2015\/08","title":{"rendered":"Marcelo Bielsa, \u00bfnuevo t\u00e9cnico de M\u00e9xico?"},"content":{"rendered":"<p>Los acercamientos entre la <strong>FEMEXFUT<\/strong> y el actual entrenador del Marsella, <strong>Marcelo Bielsa<\/strong>, podr\u00edan dar frutos pr\u00f3ximamente para la Selecci\u00f3n Mexicana de Futbol, seg\u00fan medios nacionales y argentinos.<\/p>\n<p>Tras el despido de Miguel Herrera, el diario <em>A.M.<\/em> alega que una llamada en conjunto, llevada a cabo mayormente por el directivo de Pachuca, Andr\u00e9s Fassi, se encarg\u00f3 de llevar a cabo el primer contacto formal con el entrenador argentino.<\/p>\n<p>Marcelo Bielsa, al recibir la propuesta, no di\u00f3 respuesta definitiva. Hoy, el periodista de <em>TV Azteca<\/em> y <em>R\u00e9cord<\/em>, <strong>David Medrano<\/strong>, asegura que Bielsa comienza su investigaci\u00f3n de las instalaciones del futbol mexicano, incluidas el CAR y el sistema de trabajo que han empleado t\u00e9cnicos anteriores.<\/p>\n<p>Otras versiones aseguran que hoy ser\u00e1n nuevos representantes de la Selecci\u00f3n Mexicana quienes gestionar\u00e1n nuevamente con el ext\u00e9cnico de Atlas y Am\u00e9rica, entre otros.<\/p>\n<p>La idea es aguantar a Marcelo Bielsa lo m\u00e1s posible, incluso si esto significa mandar a un interino a disputar el play-off de la Copa Confederaciones, algo que en la conferencia de prensa para despedir a Miguel Herrera, el presidente de la FEMEXFUT, Decio de Mar\u00eda, dijo que no quer\u00eda hacer.<\/p>\n<p>El lunes, un reporte emitido en <strong>Argentina<\/strong> coment\u00f3 que Bielsa no ha renovado con el Marsella por temas de refuerzos, y que al verse sin los futbolistas requeridos para enfrentar una nueva campa\u00f1a de Ligue 1, estar\u00eda abierto a dejar el club pese a que la temporada francesa est\u00e1 pr\u00f3xima a arrancar.<\/p>\n<p>&nbsp;<\/p>\n","protected":false},"excerpt":{"rendered":"<p>Hay razones para creer que se puede fichar a Bielsa<\/p>\n","protected":false},"author":20,"featured_media":299058,"comment_status":"open","ping_status":"open","sticky":false,"template":"","format":"standard","meta":[],"categories":[5,2198,3845,3847],"tags":[1173,65],"_links":{"self":[{"href":"http:\/\/desarrollo.grupomedios.com\/futbol\/wp-json\/wp\/v2\/posts\/299043"}],"collection":[{"href":"http:\/\/desarrollo.grupomedios.com\/futbol\/wp-json\/wp\/v2\/posts"}],"about":[{"href":"http:\/\/desarrollo.grupomedios.com\/futbol\/wp-json\/wp\/v2\/types\/post"}],"author":[{"embeddable":true,"href":"http:\/\/desarrollo.grupomedios.com\/futbol\/wp-json\/wp\/v2\/users\/20"}],"replies":[{"embeddable":true,"href":"http:\/\/desarrollo.grupomedios.com\/futbol\/wp-json\/wp\/v2\/comments?post=299043"}],"version-history":[{"count":0,"href":"http:\/\/desarrollo.grupomedios.com\/futbol\/wp-json\/wp\/v2\/posts\/299043\/revisions"}],"wp:featuredmedia":[{"embeddable":true,"href":"http:\/\/desarrollo.grupomedios.com\/futbol\/wp-json\/wp\/v2\/media\/299058"}],"wp:attachment":[{"href":"http:\/\/desarrollo.grupomedios.com\/futbol\/wp-json\/wp\/v2\/media?parent=299043"}],"wp:term":[{"taxonomy":"category","embeddable":true,"href":"http:\/\/desarrollo.grupomedios.com\/futbol\/wp-json\/wp\/v2\/categories?post=299043"},{"taxonomy":"post_tag","embeddable":true,"href":"http:\/\/desarrollo.grupomedios.com\/futbol\/wp-json\/wp\/v2\/tags?post=299043"}],"curies":[{"name":"wp","href":"https:\/\/api.w.org\/{rel}","templated":true}]}}