{"id":299061,"date":"2015-08-04T11:39:50","date_gmt":"2015-08-04T16:39:50","guid":{"rendered":"http:\/\/futboltotal.com.mx\/?p=299061"},"modified":"2015-08-04T11:39:50","modified_gmt":"2015-08-04T16:39:50","slug":"vuoso-y-benitez-debutaran-hoy-para-cruz-azul","status":"publish","type":"post","link":"http:\/\/desarrollo.grupomedios.com\/futbol\/futbol-mexicano\/vuoso-y-benitez-debutaran-hoy-para-cruz-azul\/2015\/08","title":{"rendered":"Vuoso y Ben\u00edtez debutar\u00e1n hoy para Cruz Azul"},"content":{"rendered":"<p>Los refuerzos en la delantera de Cruz Azul, el paraguayo <strong>Jorge Ben\u00edtez<\/strong> y el argentino naturalizado mexicano <strong>Mat\u00edas Vuoso<\/strong>, estar\u00e1n disponibles el martes por la noche y tendr\u00e1n minutos en la Copa MX.<\/p>\n<p>Ambos buscar\u00e1n aportar a la ofensiva del equipo dirigido por<strong> Sergio Bueno<\/strong>, mismo que ha batallado para generar oportunidades de gol en las primeras dos jornadas del torneo Apertura 2015.<\/p>\n<p>Un gol del defensa brasile\u00f1o <strong>Fabio Santos<\/strong> bast\u00f3 para ser la diferencia en el duelo entre <em>Chivas<\/em> y Cruz Azul el pasado domingo en el Omnilife. En las primeras dos jornadas, solamente Jer\u00f3nimo Amione y Joao Rojas han jugado al frente para el equipo capitalino, por lo que Sergio Bueno querr\u00e1 poner a punto a sus nuevas adquisiciones pensando m\u00e1s en el torneo de la Liga MX.<\/p>\n<p>Jorge Ben\u00edtez utilizar\u00e1 el n\u00famero 27 de Carlos Hermosillo en el <strong>Apertura 2015<\/strong>, mientras que Mat\u00edas Vuoso se ver\u00e1 reunido con su antiguo t\u00e9cnico; ambos coincidieron en Chiapas el \u00faltimo torneo.<\/p>\n<p>El mediocampista argentino Fernando Belluschi est\u00e1 oficialmente seleccionable ya que su pase internacional fue avalado el lunes por Cruz Azul, pero Sergio Bueno mencion\u00f3 que es probable que el jugador proveniente de Bursaspor debute tiempo despu\u00e9s por la falta de adaptaci\u00f3n al plantel.<\/p>\n","protected":false},"excerpt":{"rendered":"<p>Cruz Azul suma un gol en dos duelos de Liga MX<\/p>\n","protected":false},"author":20,"featured_media":299066,"comment_status":"open","ping_status":"open","sticky":false,"template":"","format":"standard","meta":[],"categories":[2198,3845],"tags":[5962,331],"_links":{"self":[{"href":"http:\/\/desarrollo.grupomedios.com\/futbol\/wp-json\/wp\/v2\/posts\/299061"}],"collection":[{"href":"http:\/\/desarrollo.grupomedios.com\/futbol\/wp-json\/wp\/v2\/posts"}],"about":[{"href":"http:\/\/desarrollo.grupomedios.com\/futbol\/wp-json\/wp\/v2\/types\/post"}],"author":[{"embeddable":true,"href":"http:\/\/desarrollo.grupomedios.com\/futbol\/wp-json\/wp\/v2\/users\/20"}],"replies":[{"embeddable":true,"href":"http:\/\/desarrollo.grupomedios.com\/futbol\/wp-json\/wp\/v2\/comments?post=299061"}],"version-history":[{"count":0,"href":"http:\/\/desarrollo.grupomedios.com\/futbol\/wp-json\/wp\/v2\/posts\/299061\/revisions"}],"wp:featuredmedia":[{"embeddable":true,"href":"http:\/\/desarrollo.grupomedios.com\/futbol\/wp-json\/wp\/v2\/media\/299066"}],"wp:attachment":[{"href":"http:\/\/desarrollo.grupomedios.com\/futbol\/wp-json\/wp\/v2\/media?parent=299061"}],"wp:term":[{"taxonomy":"category","embeddable":true,"href":"http:\/\/desarrollo.grupomedios.com\/futbol\/wp-json\/wp\/v2\/categories?post=299061"},{"taxonomy":"post_tag","embeddable":true,"href":"http:\/\/desarrollo.grupomedios.com\/futbol\/wp-json\/wp\/v2\/tags?post=299061"}],"curies":[{"name":"wp","href":"https:\/\/api.w.org\/{rel}","templated":true}]}}