{"id":299068,"date":"2015-08-04T12:06:47","date_gmt":"2015-08-04T17:06:47","guid":{"rendered":"http:\/\/futboltotal.com.mx\/?p=299068"},"modified":"2015-08-04T12:06:47","modified_gmt":"2015-08-04T17:06:47","slug":"marcelo-bielsa-repetiria-historia-tras-17-anos","status":"publish","type":"post","link":"http:\/\/desarrollo.grupomedios.com\/futbol\/futbol-internacional\/liga-de-espana\/marcelo-bielsa-repetiria-historia-tras-17-anos\/2015\/08","title":{"rendered":"Marcelo Bielsa repetir\u00eda historia tras 17 a\u00f1os"},"content":{"rendered":"<p>Pese a que <strong>Marcelo Bielsa<\/strong> suele estar muy enfocado y ser muy met\u00f3dico en sus laborales, una oferta seductora a sus intereses deportivos es siempre analizada y con una propuesta de la <strong>Selecci\u00f3n Mexicana<\/strong> sobre la mesa, el <em>Loco<\/em> podr\u00eda repetir una ruptura de contrato tras 17 a\u00f1os.<\/p>\n<p>Marcelo Bielsa prepara la siguiente temporada\u00a0con el Olympique de Marsella en aparente normalidad pero para la prensa en Francia existe un inconveniente: no ha sostenido declaraciones para los medios y se espera expectante su rueda de prensa del pr\u00f3ximo jueves.<\/p>\n<p>El diario <em>L&#8217;\u00c9quipe<\/em> hace eco de una oferta interesante que lleg\u00f3 a la mesa del timonel argentino para sustituir a Miguel Herrera al frente de la Selecci\u00f3n Mexicana, \u00a0dando m\u00e1s \u00e9nfasis a su paso por el territorio <em>azteca<\/em> con etapas laborales en Atlas y Am\u00e9rica.<\/p>\n<p>El mismo diario a\u00f1ade que Marcelo\u00a0Bielsa firm\u00f3 con el Marsella hace un a\u00f1o un contrato por dos temporadas pero con la posibilidad de rescindirlo cuando lo considerara oportuno, por lo que nada le ata al club galo.Se espera mucho de su primera comparecencia de prensa de la temporada, prevista para el pr\u00f3ximo jueves, dos d\u00edas antes de que el Olympique de Marsella comience su temporada oficial con un encuentro liguero contra el Caen.<\/p>\n<p>A las especulaciones en medios franceses, el diario <em>Sport<\/em> tambi\u00e9n\u00a0se\u00f1ala que se dieron los primeros acercamientos, a la vez que indica que no ser\u00eda la primera ocasi\u00f3n que el Loco Bielsa cambia equipo por selecci\u00f3n pese a contar con acuerdo, pues en 1998 abandon\u00f3 al Espanyol por realizar su sue\u00f1o de dirigir a Argentina.<\/p>\n<p>&nbsp;<\/p>\n","protected":false},"excerpt":{"rendered":"<p>El estratega abandon\u00f3 al Espanyol para integrase con Argentina en 1998<\/p>\n","protected":false},"author":20,"featured_media":299076,"comment_status":"open","ping_status":"open","sticky":false,"template":"","format":"standard","meta":[],"categories":[3844,3847],"tags":[1173,5979],"_links":{"self":[{"href":"http:\/\/desarrollo.grupomedios.com\/futbol\/wp-json\/wp\/v2\/posts\/299068"}],"collection":[{"href":"http:\/\/desarrollo.grupomedios.com\/futbol\/wp-json\/wp\/v2\/posts"}],"about":[{"href":"http:\/\/desarrollo.grupomedios.com\/futbol\/wp-json\/wp\/v2\/types\/post"}],"author":[{"embeddable":true,"href":"http:\/\/desarrollo.grupomedios.com\/futbol\/wp-json\/wp\/v2\/users\/20"}],"replies":[{"embeddable":true,"href":"http:\/\/desarrollo.grupomedios.com\/futbol\/wp-json\/wp\/v2\/comments?post=299068"}],"version-history":[{"count":0,"href":"http:\/\/desarrollo.grupomedios.com\/futbol\/wp-json\/wp\/v2\/posts\/299068\/revisions"}],"wp:featuredmedia":[{"embeddable":true,"href":"http:\/\/desarrollo.grupomedios.com\/futbol\/wp-json\/wp\/v2\/media\/299076"}],"wp:attachment":[{"href":"http:\/\/desarrollo.grupomedios.com\/futbol\/wp-json\/wp\/v2\/media?parent=299068"}],"wp:term":[{"taxonomy":"category","embeddable":true,"href":"http:\/\/desarrollo.grupomedios.com\/futbol\/wp-json\/wp\/v2\/categories?post=299068"},{"taxonomy":"post_tag","embeddable":true,"href":"http:\/\/desarrollo.grupomedios.com\/futbol\/wp-json\/wp\/v2\/tags?post=299068"}],"curies":[{"name":"wp","href":"https:\/\/api.w.org\/{rel}","templated":true}]}}