{"id":299106,"date":"2015-08-04T16:30:15","date_gmt":"2015-08-04T21:30:15","guid":{"rendered":"http:\/\/futboltotal.com.mx\/?p=299106"},"modified":"2015-08-04T16:34:08","modified_gmt":"2015-08-04T21:34:08","slug":"ajax-se-queda-sin-champions-league","status":"publish","type":"post","link":"http:\/\/desarrollo.grupomedios.com\/futbol\/futbol-internacional\/ajax-se-queda-sin-champions-league\/2015\/08","title":{"rendered":"Ajax se queda sin Champions League"},"content":{"rendered":"<p>El club <strong>Ajax<\/strong> no participar\u00e1 en la siguiente edici\u00f3n de la <strong>Champions League<\/strong> al ser derrotado en su estadio por 2-3 (4-5 global) ante el<strong> SK Rapid Viena de Austria<\/strong>, en la tercera ronda previa al torneo.<\/p>\n<p>Antes del medio tiempo del encuentro los locales ya iban abajo en el marcador por dos goles de diferencia, gracias a las anotaciones de Robert Beric al minuto 12 y de Louis Schaub a cinco minutos de ir al descanso.<\/p>\n<p>En la parte complementaria, el Ajax se encomend\u00f3 a una haza\u00f1a para tratar de revertir la situaci\u00f3n, y al minuto 52 apareci\u00f3 Arkadiusz Milik acercando a los holandeses 2-1.<\/p>\n<p>A partir de ese momento los ganadores de la Champions League en 1995 se fueron con todo en busca del empate, que lleg\u00f3 al minuto 75 de parte del centrocampista Nemanja Gudelj, haciendo so\u00f1ar a los aficionados que la remontada era posible.<\/p>\n<p>Sin embargo, la alegr\u00eda solo dur\u00f3 algunos segundos porque al 77\u2019 otra vez Schaub aprovech\u00f3 una oportunidad para sellar el 3-2 definitivo.<\/p>\n<p>Con este resultado, el Ajax competir\u00e1 en la fase de grupos de la Europa League, mientras el SK Rapid Viena avanz\u00f3 a la cuarta ronda previa de la Champions y conocer\u00e1 a su siguiente rival en el sorteo del pr\u00f3ximo 7 de agosto.<br \/>\n<iframe loading=\"lazy\" src=\"https:\/\/www.youtube.com\/embed\/Fq3QYmbxkbM\" frameborder=\"0\" allowfullscreen=\"allowfullscreen\"><\/iframe><\/p>\n","protected":false},"excerpt":{"rendered":"<p>El subcampe\u00f3n de Holanda cae en \u00c1msterdam ante el Rapid Viena <\/p>\n","protected":false},"author":20,"featured_media":299113,"comment_status":"open","ping_status":"open","sticky":false,"template":"","format":"standard","meta":[],"categories":[3841,3839,3844],"tags":[1603,36],"_links":{"self":[{"href":"http:\/\/desarrollo.grupomedios.com\/futbol\/wp-json\/wp\/v2\/posts\/299106"}],"collection":[{"href":"http:\/\/desarrollo.grupomedios.com\/futbol\/wp-json\/wp\/v2\/posts"}],"about":[{"href":"http:\/\/desarrollo.grupomedios.com\/futbol\/wp-json\/wp\/v2\/types\/post"}],"author":[{"embeddable":true,"href":"http:\/\/desarrollo.grupomedios.com\/futbol\/wp-json\/wp\/v2\/users\/20"}],"replies":[{"embeddable":true,"href":"http:\/\/desarrollo.grupomedios.com\/futbol\/wp-json\/wp\/v2\/comments?post=299106"}],"version-history":[{"count":0,"href":"http:\/\/desarrollo.grupomedios.com\/futbol\/wp-json\/wp\/v2\/posts\/299106\/revisions"}],"wp:featuredmedia":[{"embeddable":true,"href":"http:\/\/desarrollo.grupomedios.com\/futbol\/wp-json\/wp\/v2\/media\/299113"}],"wp:attachment":[{"href":"http:\/\/desarrollo.grupomedios.com\/futbol\/wp-json\/wp\/v2\/media?parent=299106"}],"wp:term":[{"taxonomy":"category","embeddable":true,"href":"http:\/\/desarrollo.grupomedios.com\/futbol\/wp-json\/wp\/v2\/categories?post=299106"},{"taxonomy":"post_tag","embeddable":true,"href":"http:\/\/desarrollo.grupomedios.com\/futbol\/wp-json\/wp\/v2\/tags?post=299106"}],"curies":[{"name":"wp","href":"https:\/\/api.w.org\/{rel}","templated":true}]}}