{"id":299212,"date":"2015-08-04T21:53:52","date_gmt":"2015-08-05T02:53:52","guid":{"rendered":"http:\/\/futboltotal.com.mx\/?p=299212"},"modified":"2015-08-04T21:53:52","modified_gmt":"2015-08-05T02:53:52","slug":"queretaro-inicia-con-triunfo-la-concachampions","status":"publish","type":"post","link":"http:\/\/desarrollo.grupomedios.com\/futbol\/destacado-home\/queretaro-inicia-con-triunfo-la-concachampions\/2015\/08","title":{"rendered":"Quer\u00e9taro inicia con triunfo la Concachampions"},"content":{"rendered":"<p><a href=\"http:\/\/futboltotal.com.mx\/equipos\/queretaro\/\" target=\"_blank\"><strong>Quer\u00e9taro<\/strong><\/a> arranc\u00f3 su participaci\u00f3n en la <a href=\"http:\/\/futboltotal.com.mx\/estadisticas\/estadisticas-concachampions\/\" target=\"_blank\"><strong>Concachampions 2015-16<\/strong><\/a> con el pie derecho al vencer 2-0 al San Francisco de Panam\u00e1, empero, no todo es felicidad con los <em>Gallos Blancos<\/em>, pues se prendieron los focos rojos tras la lesi\u00f3n del delantero <strong>Camilo Sanvezzo<\/strong>.<\/p>\n<p>La Corregidora sirvi\u00f3 como escenario para que ambas escuadras se presentaran en el torneo regional. Ah\u00ed el partido inici\u00f3 equilibrado y en una pelea por el medio campo. Por si fuera poco, Sanvezzo abandon\u00f3 la cancha tras recibir un fuerte golpe y su lugar lo ocupo Emanuel Villa que se convertir\u00eda en la figura.<\/p>\n<p>Si bien <strong>Quer\u00e9taro<\/strong> intent\u00f3 en m\u00e1s de una ocasi\u00f3n abrir el marcador, poco pudo hacer frente a unos paname\u00f1os que se plantaron bien atr\u00e1s por lo que mantuvieron el empate a ceros hasta el descanso.<\/p>\n<p>Para el complemento del cotejo, los <em>Emplumados<\/em> salieron m\u00e1s agresivos y fue cuando Edgar Ben\u00edtez mand\u00f3 centro preciso que remat\u00f3 con la cabeza el <em>Tito<\/em> Villa (60&#8242;).<\/p>\n<p>La motivaci\u00f3n embarg\u00f3 a todo el plantel local y por ello aumentaron sus ataques, mismos que surtieron efecto al 76&#8242; cuando el canterano V\u00edctor Milke sac\u00f3 el remate para poner el 2-0.<\/p>\n<p>De esta forma, <strong>Quer\u00e9taro<\/strong> se pone como l\u00edder del Grupo 3. Ser\u00e1 el mi\u00e9rcoles 18 de agosto que los dirigidos por V\u00edctor Manuel Vucetich visiten Belice para enfrentarse al Hankook Verde en la segunda fecha de la <strong>Concachampions<\/strong>.<\/p>\n<p><iframe loading=\"lazy\" src=\"https:\/\/www.youtube.com\/embed\/uTjB-VbSNJE\" frameborder=\"0\" allowfullscreen=\"allowfullscreen\"><\/iframe><\/p>\n","protected":false},"excerpt":{"rendered":"<p>Camilo Sanvezzo se lesion\u00f3 y preocupa a los Gallos Blancos<\/p>\n","protected":false},"author":20,"featured_media":299213,"comment_status":"open","ping_status":"open","sticky":false,"template":"","format":"standard","meta":[],"categories":[5398,5,3839],"tags":[3182,5970],"_links":{"self":[{"href":"http:\/\/desarrollo.grupomedios.com\/futbol\/wp-json\/wp\/v2\/posts\/299212"}],"collection":[{"href":"http:\/\/desarrollo.grupomedios.com\/futbol\/wp-json\/wp\/v2\/posts"}],"about":[{"href":"http:\/\/desarrollo.grupomedios.com\/futbol\/wp-json\/wp\/v2\/types\/post"}],"author":[{"embeddable":true,"href":"http:\/\/desarrollo.grupomedios.com\/futbol\/wp-json\/wp\/v2\/users\/20"}],"replies":[{"embeddable":true,"href":"http:\/\/desarrollo.grupomedios.com\/futbol\/wp-json\/wp\/v2\/comments?post=299212"}],"version-history":[{"count":0,"href":"http:\/\/desarrollo.grupomedios.com\/futbol\/wp-json\/wp\/v2\/posts\/299212\/revisions"}],"wp:featuredmedia":[{"embeddable":true,"href":"http:\/\/desarrollo.grupomedios.com\/futbol\/wp-json\/wp\/v2\/media\/299213"}],"wp:attachment":[{"href":"http:\/\/desarrollo.grupomedios.com\/futbol\/wp-json\/wp\/v2\/media?parent=299212"}],"wp:term":[{"taxonomy":"category","embeddable":true,"href":"http:\/\/desarrollo.grupomedios.com\/futbol\/wp-json\/wp\/v2\/categories?post=299212"},{"taxonomy":"post_tag","embeddable":true,"href":"http:\/\/desarrollo.grupomedios.com\/futbol\/wp-json\/wp\/v2\/tags?post=299212"}],"curies":[{"name":"wp","href":"https:\/\/api.w.org\/{rel}","templated":true}]}}