{"id":299228,"date":"2015-08-05T09:32:05","date_gmt":"2015-08-05T14:32:05","guid":{"rendered":"http:\/\/futboltotal.com.mx\/?p=299228"},"modified":"2015-08-05T09:32:25","modified_gmt":"2015-08-05T14:32:25","slug":"sergio-bueno-defiende-a-matias-vuoso-tras-debut","status":"publish","type":"post","link":"http:\/\/desarrollo.grupomedios.com\/futbol\/futbol-mexicano\/sergio-bueno-defiende-a-matias-vuoso-tras-debut\/2015\/08","title":{"rendered":"Sergio Bueno defiende a Mat\u00edas Vuoso tras debut"},"content":{"rendered":"<p><strong>Sergio Bueno<\/strong> no se inmut\u00f3 ante la derrota de <strong>Cruz Azul<\/strong> versus Venados en la <strong>Copa MX<\/strong>. El t\u00e9cnico del equipo capitalino en concreto vi\u00f3 la oportunidad de debutar a Mat\u00edas Vuoso, fichaje rumorado del club por varias semanas que finalmente lleg\u00f3 hacia el comienzo del Apertura 2015.<\/p>\n<p>&#8220;Hoy pretendimos darle minutos a (Vicente Mat\u00edas Vuoso). Hoy la gente lo ve en la banca y se desespera porque no lo meto,&#8221; explic\u00f3 Bueno en conferencia de prensa tras la derrota de 1-0 ante Venados.<strong> &#8220;Est\u00e1 en proceso. Se habla platicado, entren\u00f3 en la ma\u00f1ana, estaba para jugar media hora solamente,&#8221;<\/strong> continu\u00f3 el exentrenador de Chiapas.<\/p>\n<p><strong><a href=\"http:\/\/futboltotal.com.mx\/estadisticas\/estadisticas-copa-mx\/\" target=\"_blank\">TODAS LAS ESTAD\u00cdSTICAS DE LA COPA MX, AQU\u00cd<\/a><\/strong><\/p>\n<p>Adem\u00e1s, Bueno habl\u00f3 de su delantero paraguayo, <strong>Jorge Ben\u00edtez<\/strong>, quien tambi\u00e9n se integr\u00f3 de lleno a las pr\u00e1cticas del equipo esta semana: &#8220;Un jugador que tiene categor\u00eda, es internacional, por algo sali\u00f3 de su pa\u00eds,&#8221; elogi\u00f3 Sergio Bueno al sudamericano.<\/p>\n<p>En cuatro juegos al frente, Sergio Bueno suma dos victorias y dos derrotas, con marca id\u00e9ntica tanto en Liga MX como en Copa MX. El cuadro de Bueno suma apenas dos goles en esos cuatro partidos, situaci\u00f3n que obligar\u00e1 a Mat\u00edas Vuoso, Jorge Ben\u00edtez y el resto de los refuerzos ofensivos del equipo a acelerar su adaptaci\u00f3n al club.<\/p>\n<p>&nbsp;<\/p>\n","protected":false},"excerpt":{"rendered":"<p>Vuoso entr\u00f3 de cambio y jug\u00f3 30 minutos<\/p>\n","protected":false},"author":20,"featured_media":299232,"comment_status":"open","ping_status":"open","sticky":false,"template":"","format":"standard","meta":[],"categories":[4247,2198,3845],"tags":[5962,331],"_links":{"self":[{"href":"http:\/\/desarrollo.grupomedios.com\/futbol\/wp-json\/wp\/v2\/posts\/299228"}],"collection":[{"href":"http:\/\/desarrollo.grupomedios.com\/futbol\/wp-json\/wp\/v2\/posts"}],"about":[{"href":"http:\/\/desarrollo.grupomedios.com\/futbol\/wp-json\/wp\/v2\/types\/post"}],"author":[{"embeddable":true,"href":"http:\/\/desarrollo.grupomedios.com\/futbol\/wp-json\/wp\/v2\/users\/20"}],"replies":[{"embeddable":true,"href":"http:\/\/desarrollo.grupomedios.com\/futbol\/wp-json\/wp\/v2\/comments?post=299228"}],"version-history":[{"count":0,"href":"http:\/\/desarrollo.grupomedios.com\/futbol\/wp-json\/wp\/v2\/posts\/299228\/revisions"}],"wp:featuredmedia":[{"embeddable":true,"href":"http:\/\/desarrollo.grupomedios.com\/futbol\/wp-json\/wp\/v2\/media\/299232"}],"wp:attachment":[{"href":"http:\/\/desarrollo.grupomedios.com\/futbol\/wp-json\/wp\/v2\/media?parent=299228"}],"wp:term":[{"taxonomy":"category","embeddable":true,"href":"http:\/\/desarrollo.grupomedios.com\/futbol\/wp-json\/wp\/v2\/categories?post=299228"},{"taxonomy":"post_tag","embeddable":true,"href":"http:\/\/desarrollo.grupomedios.com\/futbol\/wp-json\/wp\/v2\/tags?post=299228"}],"curies":[{"name":"wp","href":"https:\/\/api.w.org\/{rel}","templated":true}]}}