{"id":299247,"date":"2015-08-05T09:59:44","date_gmt":"2015-08-05T14:59:44","guid":{"rendered":"http:\/\/futboltotal.com.mx\/?p=299247"},"modified":"2015-08-05T11:36:15","modified_gmt":"2015-08-05T16:36:15","slug":"chivas-oswaldo-alanis-estaria-para-jornada-5","status":"publish","type":"post","link":"http:\/\/desarrollo.grupomedios.com\/futbol\/futbol-mexicano\/chivas-oswaldo-alanis-estaria-para-jornada-5\/2015\/08","title":{"rendered":"Chivas: Oswaldo Alan\u00eds estar\u00eda para Jornada 5"},"content":{"rendered":"<p>El defensa central de <em>Chivas<\/em>, <strong>Oswaldo Alan\u00eds<\/strong>, podr\u00eda volver para la Jornada 5, misma que se celebrar\u00e1 entre el 14 y 16 de agosto, inform\u00f3 el jefe de servicios m\u00e9dicos de Guadalajara, Rafael Ortega.<\/p>\n<p>&#8220;Puede llevarle al menos unos 10, 12 d\u00edas para que el est\u00e9 haciendo un trabajo m\u00e1s intenso,\u201d coment\u00f3 Ortega sobre el caso del futbolista que cay\u00f3 lesionado en la Jornada 2 ante Cruz Azul.<\/p>\n<p>Alan\u00eds presenta una lesi\u00f3n en el b\u00edceps femoral izquierdo, y su baja ha debilitado m\u00e1s a un equipo que ha sido atizado por lesiones a futbolistas importantes en los \u00faltimos d\u00edas. Por ejemplo, el caso de <strong>Marco Fabi\u00e1n<\/strong> quien evit\u00f3 quir\u00f3fano, explic\u00f3 Ortega, pero su lesi\u00f3n podr\u00eda dejarlo fuera hasta la Jornada 7, ya que tras la recuperaci\u00f3n necesitar\u00e1 nuevamente ponerse a punto f\u00edsicamente para reaparecer.<\/p>\n<p><strong><a href=\"http:\/\/futboltotal.com.mx\/equipos\/guadalajara\" target=\"_blank\">TODAS LAS NOTICIAS DE CHIVAS, AQU\u00cd<\/a><\/strong><\/p>\n<p>Igualmente, <strong>Jair Pereira<\/strong> podr\u00e1 recuperarse a la par de Oswaldo Alan\u00eds, seg\u00fan lo comentado por el Dr. Ortega. &#8220;Tiene 12 d\u00edas de evoluci\u00f3n posterior a la liberaci\u00f3n del nervio peroneo, est\u00e1 evolucionando de una manera satisfactoria,&#8221; explic\u00f3.<\/p>\n<p>El otro lesionado de peso para <em>Chivas<\/em>, <strong>Isaac Brizuela<\/strong>, regresar\u00eda para la doble jornada, pero no estar\u00e1 disponible ante <em>Tigres<\/em> el pr\u00f3ximo fin de semana, por precauci\u00f3n ante lo sufrido. &#8220;(Fue) una peque\u00f1a lesi\u00f3n de su m\u00fasculo del iliopsoas izquierdo,&#8221; finaliz\u00f3.<\/p>\n","protected":false},"excerpt":{"rendered":"<p>Chepo ya sabe cuando recuperar\u00e1 a sus lesionados<\/p>\n","protected":false},"author":20,"featured_media":299252,"comment_status":"open","ping_status":"open","sticky":false,"template":"","format":"standard","meta":[],"categories":[2198,3845],"tags":[70,5963],"_links":{"self":[{"href":"http:\/\/desarrollo.grupomedios.com\/futbol\/wp-json\/wp\/v2\/posts\/299247"}],"collection":[{"href":"http:\/\/desarrollo.grupomedios.com\/futbol\/wp-json\/wp\/v2\/posts"}],"about":[{"href":"http:\/\/desarrollo.grupomedios.com\/futbol\/wp-json\/wp\/v2\/types\/post"}],"author":[{"embeddable":true,"href":"http:\/\/desarrollo.grupomedios.com\/futbol\/wp-json\/wp\/v2\/users\/20"}],"replies":[{"embeddable":true,"href":"http:\/\/desarrollo.grupomedios.com\/futbol\/wp-json\/wp\/v2\/comments?post=299247"}],"version-history":[{"count":0,"href":"http:\/\/desarrollo.grupomedios.com\/futbol\/wp-json\/wp\/v2\/posts\/299247\/revisions"}],"wp:featuredmedia":[{"embeddable":true,"href":"http:\/\/desarrollo.grupomedios.com\/futbol\/wp-json\/wp\/v2\/media\/299252"}],"wp:attachment":[{"href":"http:\/\/desarrollo.grupomedios.com\/futbol\/wp-json\/wp\/v2\/media?parent=299247"}],"wp:term":[{"taxonomy":"category","embeddable":true,"href":"http:\/\/desarrollo.grupomedios.com\/futbol\/wp-json\/wp\/v2\/categories?post=299247"},{"taxonomy":"post_tag","embeddable":true,"href":"http:\/\/desarrollo.grupomedios.com\/futbol\/wp-json\/wp\/v2\/tags?post=299247"}],"curies":[{"name":"wp","href":"https:\/\/api.w.org\/{rel}","templated":true}]}}