{"id":299583,"date":"2015-08-06T09:06:50","date_gmt":"2015-08-06T14:06:50","guid":{"rendered":"http:\/\/futboltotal.com.mx\/?p=299583"},"modified":"2015-08-06T09:19:01","modified_gmt":"2015-08-06T14:19:01","slug":"bielsa-sin-contactos-con-seleccion-mexicana","status":"publish","type":"post","link":"http:\/\/desarrollo.grupomedios.com\/futbol\/destacado-home\/bielsa-sin-contactos-con-seleccion-mexicana\/2015\/08","title":{"rendered":"Bielsa, sin contactos con Selecci\u00f3n Mexicana"},"content":{"rendered":"<p><strong>Marcelo Bielsa<\/strong> habl\u00f3 y fue contundente. La tan esperada conferencia de prensa se suscit\u00f3 en Marsella. El Olympique estaba ansioso porque el t\u00e9cnico confirmara o negara si en alg\u00fan momento ha pensado en dejar el gran proyecto deportivo que tiene con el club franc\u00e9s, o mejor aun, si ha entrado contacto con algun directivo de la Femexfut, que pretende secudirlo para que acepte ser el nuevo t\u00e9cnico de la <strong>Selecci\u00f3n Mexicana.\u00a0<\/strong><\/p>\n<p>Sobre los rumores que lo vinculan para tomar el puesto que dej\u00f3 vacante Miguel Herrera. Bielsa afirm\u00f3: <strong>&#8220;No he hablado con nadie sobre M\u00e9xico, y con eso es suficiente para considerar hipot\u00e9tico que dirija a nivel internacional. No hablo de hip\u00f3tesis&#8221;<\/strong>.<\/p>\n<p>Los medios, insistentes en la conferencia quer\u00edan una declaraci\u00f3n m\u00e1s severa y que dejar\u00e1 m\u00e1s claro su futuro, pero el estratega argentino no cedi\u00f3.<\/p>\n<p>&#8220;Los t\u00e9rminos del contrato de mi renovaci\u00f3n los acord\u00e9 con el presidente. Todav\u00eda no he firmado nada pero est\u00e1 todo acordado&#8221;, dijo el <em>Loco, <\/em>alejando un poco m\u00e1s la posibilidad de apoderarse del banquillo del <em>Tri<\/em>. &#8220;Sobre si mi contrato est\u00e1 en vigor hasta 2017, tiene muchos matices y son muy dif\u00edciles de explicar los t\u00e9rminos&#8221;, abund\u00f3.<\/p>\n<p><strong>Marcelo Bielsa<\/strong> lleg\u00f3 el a\u00f1o pasado al Olympique de Marsella y despu\u00e9s de un arranque fulgurante, sobre el ocaso de la temporada disminuy\u00f3 el rendimiento del colectivo y vio como el PSG se adue\u00f1aba del cetro de la Ligue 1. El <em>Loco<\/em> no quiere que eso se repita y sabe que el t\u00edtulo es priritario en la instituci\u00f3n, pese a dos de sus figuras en el curso anterior partieron en busca de nuevas aventuras: <strong>Andre Pierre Gignac<\/strong> (mejor goleador del club) y <strong>Dimitri Payet<\/strong> (m\u00e1ximo asistente de la entidad).<\/p>\n<p>&#8220;Evalu\u00e9 el proyecto del OM y me pareci\u00f3 convincente. Por eso me qued\u00e9 en el OM&#8221;, se\u00f1al\u00f3. &#8220;No me planteo objetivos para la temporada salvo el inmediato de el partido del s\u00e1bado. Tengo muchas ganas de que empiece la temporada porque los que trabajamos en esta somos muy competitivos&#8221;, enfatiz\u00f3 Bielsa quien de momento, dej\u00f3 claro que no ha existido comunicaci\u00f3n con los directivos de la Femexfut.<\/p>\n","protected":false},"excerpt":{"rendered":"<p>Marcelo compareci\u00f3 ante la prensa y fue claro, de M\u00e9xico no le han hablado <\/p>\n","protected":false},"author":20,"featured_media":299593,"comment_status":"open","ping_status":"open","sticky":false,"template":"","format":"standard","meta":[],"categories":[5,3847],"tags":[1173,5979],"_links":{"self":[{"href":"http:\/\/desarrollo.grupomedios.com\/futbol\/wp-json\/wp\/v2\/posts\/299583"}],"collection":[{"href":"http:\/\/desarrollo.grupomedios.com\/futbol\/wp-json\/wp\/v2\/posts"}],"about":[{"href":"http:\/\/desarrollo.grupomedios.com\/futbol\/wp-json\/wp\/v2\/types\/post"}],"author":[{"embeddable":true,"href":"http:\/\/desarrollo.grupomedios.com\/futbol\/wp-json\/wp\/v2\/users\/20"}],"replies":[{"embeddable":true,"href":"http:\/\/desarrollo.grupomedios.com\/futbol\/wp-json\/wp\/v2\/comments?post=299583"}],"version-history":[{"count":0,"href":"http:\/\/desarrollo.grupomedios.com\/futbol\/wp-json\/wp\/v2\/posts\/299583\/revisions"}],"wp:featuredmedia":[{"embeddable":true,"href":"http:\/\/desarrollo.grupomedios.com\/futbol\/wp-json\/wp\/v2\/media\/299593"}],"wp:attachment":[{"href":"http:\/\/desarrollo.grupomedios.com\/futbol\/wp-json\/wp\/v2\/media?parent=299583"}],"wp:term":[{"taxonomy":"category","embeddable":true,"href":"http:\/\/desarrollo.grupomedios.com\/futbol\/wp-json\/wp\/v2\/categories?post=299583"},{"taxonomy":"post_tag","embeddable":true,"href":"http:\/\/desarrollo.grupomedios.com\/futbol\/wp-json\/wp\/v2\/tags?post=299583"}],"curies":[{"name":"wp","href":"https:\/\/api.w.org\/{rel}","templated":true}]}}