{"id":299614,"date":"2015-08-06T10:32:56","date_gmt":"2015-08-06T15:32:56","guid":{"rendered":"http:\/\/futboltotal.com.mx\/?p=299614"},"modified":"2015-08-06T13:25:29","modified_gmt":"2015-08-06T18:25:29","slug":"raul-gudino-se-quedara-con-equipo-estelar-del-porto","status":"publish","type":"post","link":"http:\/\/desarrollo.grupomedios.com\/futbol\/destacado-home\/raul-gudino-se-quedara-con-equipo-estelar-del-porto\/2015\/08","title":{"rendered":"Ra\u00fal Gudi\u00f1o, al equipo estelar del Porto"},"content":{"rendered":"<p>En agosto del 2014 <strong>Ra\u00fal Gudi\u00f1o<\/strong> aterriz\u00f3 en Portugal con la ilusi\u00f3n de formarse en uno de los equipos que mejor se manejan en el aspecto deportivo: <strong>Porto<\/strong>. El mexicano consigui\u00f3 la oportunidad de formar parte de los <em>Dragones<\/em> con su equipo juvenil gracias a un pr\u00e9stamo de Chivas a la escuadra lusitana con opci\u00f3n a compra.<\/p>\n<p>Pocos meses le bastaron a Ra\u00fal Gudi\u00f1o para mostrar su destreza y maravillar bajo los tres palos. Sus actuaciones con la escuadra juvenil de los <em>Dragones<\/em> fue clave y r\u00e1pidamente, el Porto hizo v\u00e1lida la opci\u00f3n de compra por el cancerbero <em>azteca.\u00a0<\/em><\/p>\n<p>Para el curso que est\u00e1 pr\u00f3ximo a comenzar Gudi\u00f1o consigui\u00f3 una de sus metas un poco antes de los esperado. Hace un mes era noticia que fue incluido entre los 5 porteros que formaban parte de la convocatoria a la pretemporada. Entre compras y ventas gestionadas por Julen Lopetegui, finalmente el estratega espa\u00f1ol<strong> le asegur\u00f3 este jueves un puesto entre el equipo estelar del Porto,<\/strong> \u00a0en una plantilla integrada por 25 elementos que se alistan para recuperar el cetro en Portugal y sorprender en Europa.<\/p>\n<p>El dos veces\u00a0mundialista con M\u00e9xico en combinados juveniles (Sub-17 en 2013 y Sub-20 en 2015)\u00a0<strong>portar\u00e1 en su espalda el n\u00famero 71<\/strong>, mientras que Iker Casillas tendr\u00e1 el 12 y el 1 ser\u00e1 para el m\u00e1s experimentado, Helton.<\/p>\n<p>Gudi\u00f1o no ser\u00e1 el \u00fanico <em>azteca<\/em> en la plantilla, junto a \u00e9l estar\u00e1 el mediocampista H\u00e9ctor Herrera, futbolista de 25 a\u00f1os que disputar\u00e1 su tercera temporada con el\u00a0Porto. <strong>En lo que si ser\u00e1 el m\u00e1s especial el portero es en ser el futbolista m\u00e1s joven de la plantilla de gala, con solo 19 primaveras cumplidas.<\/strong><\/p>\n","protected":false},"excerpt":{"rendered":"<p>El mexicano ser\u00e1 el futbolista m\u00e1s joven de la plantilla <\/p>\n","protected":false},"author":20,"featured_media":299616,"comment_status":"open","ping_status":"open","sticky":false,"template":"","format":"standard","meta":[],"categories":[5,3844],"tags":[6077,4596],"_links":{"self":[{"href":"http:\/\/desarrollo.grupomedios.com\/futbol\/wp-json\/wp\/v2\/posts\/299614"}],"collection":[{"href":"http:\/\/desarrollo.grupomedios.com\/futbol\/wp-json\/wp\/v2\/posts"}],"about":[{"href":"http:\/\/desarrollo.grupomedios.com\/futbol\/wp-json\/wp\/v2\/types\/post"}],"author":[{"embeddable":true,"href":"http:\/\/desarrollo.grupomedios.com\/futbol\/wp-json\/wp\/v2\/users\/20"}],"replies":[{"embeddable":true,"href":"http:\/\/desarrollo.grupomedios.com\/futbol\/wp-json\/wp\/v2\/comments?post=299614"}],"version-history":[{"count":0,"href":"http:\/\/desarrollo.grupomedios.com\/futbol\/wp-json\/wp\/v2\/posts\/299614\/revisions"}],"wp:featuredmedia":[{"embeddable":true,"href":"http:\/\/desarrollo.grupomedios.com\/futbol\/wp-json\/wp\/v2\/media\/299616"}],"wp:attachment":[{"href":"http:\/\/desarrollo.grupomedios.com\/futbol\/wp-json\/wp\/v2\/media?parent=299614"}],"wp:term":[{"taxonomy":"category","embeddable":true,"href":"http:\/\/desarrollo.grupomedios.com\/futbol\/wp-json\/wp\/v2\/categories?post=299614"},{"taxonomy":"post_tag","embeddable":true,"href":"http:\/\/desarrollo.grupomedios.com\/futbol\/wp-json\/wp\/v2\/tags?post=299614"}],"curies":[{"name":"wp","href":"https:\/\/api.w.org\/{rel}","templated":true}]}}