{"id":299679,"date":"2015-08-06T14:12:41","date_gmt":"2015-08-06T19:12:41","guid":{"rendered":"http:\/\/futboltotal.com.mx\/?p=299679"},"modified":"2015-08-06T14:13:27","modified_gmt":"2015-08-06T19:13:27","slug":"aficion-quiere-a-victor-vucetich-en-el-tri","status":"publish","type":"post","link":"http:\/\/desarrollo.grupomedios.com\/futbol\/futbol-mexicano\/aficion-quiere-a-victor-vucetich-en-el-tri\/2015\/08","title":{"rendered":"Afici\u00f3n quiere a V\u00edctor Vucetich en el Tri"},"content":{"rendered":"<p>Con la salida de Miguel Herrera, la <a href=\"http:\/\/futboltotal.com.mx\/futbol-mexicano\/seleccion-mexicana\/\" target=\"_blank\"><strong>Selecci\u00f3n Mexicana<\/strong><\/a> sigue sin t\u00e9cnico, entre diversos candidatos ya sea en la Liga MX o en el extranjero; la afici\u00f3n anhela el regreso de <strong>V\u00edctor Manuel Vucetich<\/strong>.<\/p>\n<p>En una encuesta hecha por<strong> Consulta Mitofsky<\/strong> en la que participaron 600 seguidores del <em>Tri<\/em>, le dieron el 26.8 por cierto de los votos al <em>Rey Midas<\/em>, quien actualmente dirige al Quer\u00e9tearo, al que incluso los llev\u00f3 a la Final del Clausura 2015.<\/p>\n<p>En d\u00edas anteriores, <strong>Vucetich<\/strong> desestim\u00f3 pensar en volver a dirigir al <em>Tricolor<\/em>, porque solo tiene la mente en los <em>Gallos Blancos<\/em> e incluso se\u00f1al\u00f3 que hay otros estrategas dignos para el cargo.<\/p>\n<p>\u201cTengo un trabajo en donde hemos iniciado muy bien y hay buenas expectativas. Pero ahora no lo s\u00e9 y lo \u00fanico que puedo decir es que tendr\u00eda primero que haber un cambio de estructura para qeu pudiera pensar en eso. Por ahora solo tengo la mente en Quer\u00e9taro. Iniciamos bien, pero tenemos errores, tenemos que incrementar el nivel. Hay muchos t\u00e9cnicos mexicanos y no mexicanos que han trabajado aqu\u00ed muchos a\u00f1os y tienen mucha capacidad.\u201d, se\u00f1al\u00f3 el timonel de los <em>Explumados<\/em>.<\/p>\n<p>En la encuesta, los aficionados pusieron en el segundo puesto a Ricardo Ferretti con el 18.6 por ciento, seguido de Ricardo La Volpe (11.6%), Gustavo Matosas (5.4%) y Pedro Caixinha (5.4%).<\/p>\n","protected":false},"excerpt":{"rendered":"<p>Tambi\u00e9n ponen a Ricardo Ferretti como segundo candidato<\/p>\n","protected":false},"author":20,"featured_media":299681,"comment_status":"open","ping_status":"open","sticky":false,"template":"","format":"standard","meta":[],"categories":[2198,3845,3847],"tags":[5979,1575],"_links":{"self":[{"href":"http:\/\/desarrollo.grupomedios.com\/futbol\/wp-json\/wp\/v2\/posts\/299679"}],"collection":[{"href":"http:\/\/desarrollo.grupomedios.com\/futbol\/wp-json\/wp\/v2\/posts"}],"about":[{"href":"http:\/\/desarrollo.grupomedios.com\/futbol\/wp-json\/wp\/v2\/types\/post"}],"author":[{"embeddable":true,"href":"http:\/\/desarrollo.grupomedios.com\/futbol\/wp-json\/wp\/v2\/users\/20"}],"replies":[{"embeddable":true,"href":"http:\/\/desarrollo.grupomedios.com\/futbol\/wp-json\/wp\/v2\/comments?post=299679"}],"version-history":[{"count":0,"href":"http:\/\/desarrollo.grupomedios.com\/futbol\/wp-json\/wp\/v2\/posts\/299679\/revisions"}],"wp:featuredmedia":[{"embeddable":true,"href":"http:\/\/desarrollo.grupomedios.com\/futbol\/wp-json\/wp\/v2\/media\/299681"}],"wp:attachment":[{"href":"http:\/\/desarrollo.grupomedios.com\/futbol\/wp-json\/wp\/v2\/media?parent=299679"}],"wp:term":[{"taxonomy":"category","embeddable":true,"href":"http:\/\/desarrollo.grupomedios.com\/futbol\/wp-json\/wp\/v2\/categories?post=299679"},{"taxonomy":"post_tag","embeddable":true,"href":"http:\/\/desarrollo.grupomedios.com\/futbol\/wp-json\/wp\/v2\/tags?post=299679"}],"curies":[{"name":"wp","href":"https:\/\/api.w.org\/{rel}","templated":true}]}}