{"id":299713,"date":"2015-08-06T15:27:07","date_gmt":"2015-08-06T20:27:07","guid":{"rendered":"http:\/\/futboltotal.com.mx\/?p=299713"},"modified":"2015-08-06T15:27:07","modified_gmt":"2015-08-06T20:27:07","slug":"la-sorpresa-que-tendra-layun-en-premier-league","status":"publish","type":"post","link":"http:\/\/desarrollo.grupomedios.com\/futbol\/futbol-internacional\/liga-de-espana\/la-sorpresa-que-tendra-layun-en-premier-league\/2015\/08","title":{"rendered":"La sorpresa que tendr\u00e1 Lay\u00fan en Premier League"},"content":{"rendered":"<p><strong>Miguel Lay\u00fan<\/strong> est\u00e1 contento, feliz e ilusionado. Restan dos d\u00edas para su posible debut en la Premier League con el <strong>Watford<\/strong>, una situaci\u00f3n que se ve\u00eda imposible luego de su retorno frustrado de la Serie A tras un paso amargo con el Atalanta.<\/p>\n<p>El veracruzano apost\u00f3 por aterrizar en la divisi\u00f3n de plata del futbol ingl\u00e9s con el objetivo de ascender y seis meses despu\u00e9s el destino le pag\u00f3 con la mejor sorpresa, una oportunidad en la mejor liga del mundo. Lay\u00fan, para el nuevo reto de\u00a0su carrera regresar\u00e1 a sus or\u00edgenes, buscando a toda costa la suerte y por ello decidi\u00f3 regresar al dorsal n\u00famero 19, ese que con el Am\u00e9rica le gui\u00f3 a \u00e9xitos insospechados en su carrera luego de bastantes cr\u00edticas y reproches a su nivel futbol\u00edstico.<\/p>\n<blockquote class=\"instagram-media\" style=\"background: #FFF; border: 0; border-radius: 3px; box-shadow: 0 0 1px 0 rgba(0,0,0,0.5),0 1px 10px 0 rgba(0,0,0,0.15); margin: 1px; max-width: 658px; padding: 0; width: calc(100% - 2px);\" data-instgrm-captioned=\"\" data-instgrm-version=\"4\">\n<div style=\"padding: 8px;\">\n<div style=\"background: #F8F8F8; line-height: 0; margin-top: 40px; padding: 50% 0; text-align: center; width: 100%;\"><\/div>\n<p style=\"margin: 8px 0 0 0; padding: 0 4px;\"><a style=\"color: #000; font-family: Arial,sans-serif; font-size: 14px; font-style: normal; font-weight: normal; line-height: 17px; text-decoration: none; word-wrap: break-word;\" href=\"https:\/\/instagram.com\/p\/6C6ViQE0qo\/\" target=\"_top\">El 19 esta de regreso ?, s\u00f3lo 2 d\u00edas para comenzar la temporada! \/\/ 19 is back, just 2 days for the season starts! #19 #COYH<\/a><\/p>\n<p style=\"color: #c9c8cd; font-family: Arial,sans-serif; font-size: 14px; line-height: 17px; margin-bottom: 0; margin-top: 8px; overflow: hidden; padding: 8px 0 7px; text-align: center; text-overflow: ellipsis; white-space: nowrap;\">Una foto publicada por Miguel Layun (@layun7) el <time style=\"font-family: Arial,sans-serif; font-size: 14px; line-height: 17px;\" datetime=\"2015-08-06T14:36:07+00:00\">6 de Ago de 2015 a la(s) 7:36 PDT<\/time><\/p>\n<\/div>\n<\/blockquote>\n<p><script src=\"\/\/platform.instagram.com\/en_US\/embeds.js\" async=\"\" defer=\"defer\"><\/script><\/p>\n<p><strong>Miguel Lay\u00fan<\/strong> no cabe de felicidad y a pesar de los m\u00faltiples refuerzos que llegaron al Watford, el mexicano no pierde la esperanza de confirmarse en el once estelar en el reestreno en la m\u00e1xima categor\u00eda ante los <em>Hornets<\/em>. La fecha est\u00e1 marcada, 8 de agosto. El lugar, Goodison Park. Todo se encuentra listo para que con el 19 como su aliado d\u00e9 la sorpresa y debute en Premier League.<\/p>\n","protected":false},"excerpt":{"rendered":"<p>Miguel anunci\u00f3 en su Instagram el n\u00famero que usar\u00e1 el pr\u00f3ximo curso <\/p>\n","protected":false},"author":20,"featured_media":299717,"comment_status":"open","ping_status":"open","sticky":false,"template":"","format":"standard","meta":[],"categories":[3844,3846],"tags":[5894,1035,4370],"_links":{"self":[{"href":"http:\/\/desarrollo.grupomedios.com\/futbol\/wp-json\/wp\/v2\/posts\/299713"}],"collection":[{"href":"http:\/\/desarrollo.grupomedios.com\/futbol\/wp-json\/wp\/v2\/posts"}],"about":[{"href":"http:\/\/desarrollo.grupomedios.com\/futbol\/wp-json\/wp\/v2\/types\/post"}],"author":[{"embeddable":true,"href":"http:\/\/desarrollo.grupomedios.com\/futbol\/wp-json\/wp\/v2\/users\/20"}],"replies":[{"embeddable":true,"href":"http:\/\/desarrollo.grupomedios.com\/futbol\/wp-json\/wp\/v2\/comments?post=299713"}],"version-history":[{"count":0,"href":"http:\/\/desarrollo.grupomedios.com\/futbol\/wp-json\/wp\/v2\/posts\/299713\/revisions"}],"wp:featuredmedia":[{"embeddable":true,"href":"http:\/\/desarrollo.grupomedios.com\/futbol\/wp-json\/wp\/v2\/media\/299717"}],"wp:attachment":[{"href":"http:\/\/desarrollo.grupomedios.com\/futbol\/wp-json\/wp\/v2\/media?parent=299713"}],"wp:term":[{"taxonomy":"category","embeddable":true,"href":"http:\/\/desarrollo.grupomedios.com\/futbol\/wp-json\/wp\/v2\/categories?post=299713"},{"taxonomy":"post_tag","embeddable":true,"href":"http:\/\/desarrollo.grupomedios.com\/futbol\/wp-json\/wp\/v2\/tags?post=299713"}],"curies":[{"name":"wp","href":"https:\/\/api.w.org\/{rel}","templated":true}]}}