{"id":299917,"date":"2015-08-07T12:57:06","date_gmt":"2015-08-07T17:57:06","guid":{"rendered":"http:\/\/futboltotal.com.mx\/?p=299917"},"modified":"2015-08-07T13:12:53","modified_gmt":"2015-08-07T18:12:53","slug":"hector-herrera-en-la-mira-del-zenit","status":"publish","type":"post","link":"http:\/\/desarrollo.grupomedios.com\/futbol\/futbol-internacional\/hector-herrera-en-la-mira-del-zenit\/2015\/08","title":{"rendered":"H\u00e9ctor Herrera, \u00bfen la mira del Zenit?"},"content":{"rendered":"<p>El mercado de fichajes comienza moverse, algunos de los jugadores mexicanos que militan en Europa ya firmaron la siguiente etapa en su carrera, mientras que otros esperan una atractiva oferta; entre estos \u00faltimos se encuentra el mediocampista <strong>H\u00e9ctor Herrera<\/strong> que podr\u00eda dejar al <strong>Porto<\/strong> para irse con el <strong>Zenit<\/strong> de Rusia.<\/p>\n<p>Con la inminente salida del belga Axel Witsel al Mil\u00e1n, la escuadra de San Petersburgo pensar\u00eda cubrir dicho sector con el <em>Zorro<\/em> seg\u00fan inform\u00f3 el diaro portugu\u00e9s <em>A Bola<\/em>.<\/p>\n<p><strong>H\u00e9ctor Herrera<\/strong> forma parte de los <em>Dragones<\/em> desde 2013, despu\u00e9s de sus destacadas actuaciones llam\u00f3 la atenci\u00f3n de equipos como Borussia Dortmund y Manchester City; sin embargo, su futuro podr\u00eda estar con el gigante de Rusia.<\/p>\n<p>En caso que <strong>Zenit<\/strong> busque comprar los derechos deportivos del mexicano deber\u00e1 pagar alrededor de 45 millones de euros<\/p>\n","protected":false},"excerpt":{"rendered":"<p>El mediocampista dejar\u00eda el Porto para emigrar a la liga rusa <\/p>\n","protected":false},"author":20,"featured_media":299926,"comment_status":"open","ping_status":"open","sticky":false,"template":"","format":"standard","meta":[],"categories":[3839,3844],"tags":[5995,6077,6064],"_links":{"self":[{"href":"http:\/\/desarrollo.grupomedios.com\/futbol\/wp-json\/wp\/v2\/posts\/299917"}],"collection":[{"href":"http:\/\/desarrollo.grupomedios.com\/futbol\/wp-json\/wp\/v2\/posts"}],"about":[{"href":"http:\/\/desarrollo.grupomedios.com\/futbol\/wp-json\/wp\/v2\/types\/post"}],"author":[{"embeddable":true,"href":"http:\/\/desarrollo.grupomedios.com\/futbol\/wp-json\/wp\/v2\/users\/20"}],"replies":[{"embeddable":true,"href":"http:\/\/desarrollo.grupomedios.com\/futbol\/wp-json\/wp\/v2\/comments?post=299917"}],"version-history":[{"count":0,"href":"http:\/\/desarrollo.grupomedios.com\/futbol\/wp-json\/wp\/v2\/posts\/299917\/revisions"}],"wp:featuredmedia":[{"embeddable":true,"href":"http:\/\/desarrollo.grupomedios.com\/futbol\/wp-json\/wp\/v2\/media\/299926"}],"wp:attachment":[{"href":"http:\/\/desarrollo.grupomedios.com\/futbol\/wp-json\/wp\/v2\/media?parent=299917"}],"wp:term":[{"taxonomy":"category","embeddable":true,"href":"http:\/\/desarrollo.grupomedios.com\/futbol\/wp-json\/wp\/v2\/categories?post=299917"},{"taxonomy":"post_tag","embeddable":true,"href":"http:\/\/desarrollo.grupomedios.com\/futbol\/wp-json\/wp\/v2\/tags?post=299917"}],"curies":[{"name":"wp","href":"https:\/\/api.w.org\/{rel}","templated":true}]}}