{"id":299947,"date":"2015-08-07T12:00:27","date_gmt":"2015-08-07T17:00:27","guid":{"rendered":"http:\/\/futboltotal.com.mx\/?p=299947"},"modified":"2015-08-07T13:52:14","modified_gmt":"2015-08-07T18:52:14","slug":"malaga-le-pone-plazo-a-memo-ochoa","status":"publish","type":"post","link":"http:\/\/desarrollo.grupomedios.com\/futbol\/destacado-home\/malaga-le-pone-plazo-a-memo-ochoa\/2015\/08","title":{"rendered":"M\u00e1laga le pone plazo a Memo Ochoa"},"content":{"rendered":"<p>El <strong>M\u00e1laga<\/strong> quiere que <strong>Guillermo Ochoa<\/strong> siga en el equipo, aunque tambi\u00e9n consideran su posible salida. En ese sentido, trasciende que el cuadro <em>blanquiazul\u00a0<\/em>se ha puesto un plazo entorno al destino del <strong>portero mexicano<\/strong>: si antes del pr\u00f3ximo lunes no llega alguna oferta formal por \u00e9l\u00a0cerrar\u00e1n las opciones para que salga.<\/p>\n<p>Seg\u00fan la prensa espa\u00f1ola, el <strong>M\u00e1laga<\/strong> no cuenta con una sola propuesta firme por <em>Memo <\/em><strong>Ochoa<\/strong>. Y ante ello, se agrega que la directiva se ha marcado de plazo esta semana para la posible salida del cancerbero <em>azteca<\/em>.<\/p>\n<p>Despu\u00e9s del lunes, las opciones de que se marche pasar\u00e1n a ser m\u00ednimas, sentencian medios malaguistas, pues la lista de posibles recambios que la direcci\u00f3n deportiva manejaba en junio se ha reducido considerablemente con el paso de las semanas.<\/p>\n<p>En ese contexto, se apunta que el entorno de <strong>Guillermo Ochoa<\/strong>, ya conoce tanto el plazo como los deseos del <strong>M\u00e1laga<\/strong>.<\/p>\n<p><a href=\"http:\/\/futboltotal.com.mx\/wp-content\/uploads\/2015\/08\/guillermo_ochoa_malaga.jpg\"><img decoding=\"async\" loading=\"lazy\" class=\"aligncenter size-full wp-image-299956\" src=\"http:\/\/futboltotal.com.mx\/wp-content\/uploads\/2015\/08\/guillermo_ochoa_malaga.jpg\" alt=\"guillermo_ochoa_malaga\" srcset=\"http:\/\/desarrollo.grupomedios.com\/futbol\/wp-content\/uploads\/2015\/08\/guillermo_ochoa_malaga.jpg 600w, http:\/\/desarrollo.grupomedios.com\/futbol\/wp-content\/uploads\/2015\/08\/guillermo_ochoa_malaga-300x150.jpg 300w\" sizes=\"(max-width: 600px) 100vw, 600px\" \/><\/a><\/p>\n<p><em>Memo <\/em><strong>Ochoa<\/strong>, quien espera tener mayor participaci\u00f3n con su equipo en comparaci\u00f3n a la temporada pasada -en la que solo se hizo presente en la Copa del Rey-, report\u00f3 el pasado martes a la pretemporada del cuadro <em>blanquiazul<\/em> tras su participaci\u00f3n en la Copa Oro con la <strong>selecci\u00f3n de M\u00e9xico<\/strong>.<\/p>\n","protected":false},"excerpt":{"rendered":"<p>Si antes del lunes no llega un oferta formal por \u00e9l, seguir\u00e1 en el equipo<\/p>\n","protected":false},"author":20,"featured_media":299959,"comment_status":"open","ping_status":"open","sticky":false,"template":"","format":"standard","meta":[],"categories":[5,3839,3844],"tags":[5991,306,679,2027],"_links":{"self":[{"href":"http:\/\/desarrollo.grupomedios.com\/futbol\/wp-json\/wp\/v2\/posts\/299947"}],"collection":[{"href":"http:\/\/desarrollo.grupomedios.com\/futbol\/wp-json\/wp\/v2\/posts"}],"about":[{"href":"http:\/\/desarrollo.grupomedios.com\/futbol\/wp-json\/wp\/v2\/types\/post"}],"author":[{"embeddable":true,"href":"http:\/\/desarrollo.grupomedios.com\/futbol\/wp-json\/wp\/v2\/users\/20"}],"replies":[{"embeddable":true,"href":"http:\/\/desarrollo.grupomedios.com\/futbol\/wp-json\/wp\/v2\/comments?post=299947"}],"version-history":[{"count":0,"href":"http:\/\/desarrollo.grupomedios.com\/futbol\/wp-json\/wp\/v2\/posts\/299947\/revisions"}],"wp:featuredmedia":[{"embeddable":true,"href":"http:\/\/desarrollo.grupomedios.com\/futbol\/wp-json\/wp\/v2\/media\/299959"}],"wp:attachment":[{"href":"http:\/\/desarrollo.grupomedios.com\/futbol\/wp-json\/wp\/v2\/media?parent=299947"}],"wp:term":[{"taxonomy":"category","embeddable":true,"href":"http:\/\/desarrollo.grupomedios.com\/futbol\/wp-json\/wp\/v2\/categories?post=299947"},{"taxonomy":"post_tag","embeddable":true,"href":"http:\/\/desarrollo.grupomedios.com\/futbol\/wp-json\/wp\/v2\/tags?post=299947"}],"curies":[{"name":"wp","href":"https:\/\/api.w.org\/{rel}","templated":true}]}}