{"id":299978,"date":"2015-08-07T14:31:31","date_gmt":"2015-08-07T19:31:31","guid":{"rendered":"http:\/\/futboltotal.com.mx\/?p=299978"},"modified":"2015-08-07T16:33:44","modified_gmt":"2015-08-07T21:33:44","slug":"actos-de-racismo-del-pachuca-contra-arbitro","status":"publish","type":"post","link":"http:\/\/desarrollo.grupomedios.com\/futbol\/futbol-mexicano\/actos-de-racismo-del-pachuca-contra-arbitro\/2015\/08","title":{"rendered":"\u00bfActos de racismo del Pachuca contra \u00e1rbitro?"},"content":{"rendered":"<p>Trasciende que <strong>jugadores del Pachuca<\/strong> cometieron <strong>actos de racismo<\/strong> en contra del \u00e1rbitro <strong>Adalid Maganda<\/strong>, situaci\u00f3n que presuntamente se dio previo al partido que Atlante sostuvo el pasado martes ante los <em>Tuzos<\/em>, correspondiente a la Copa MX.<\/p>\n<p>Seg\u00fan versiones que circulan en redes sociales y que retoman varios medios en M\u00e9xico, los jugadores del <strong>Pachuca<\/strong> hicieron sonidos de simio, recriminando la tez morena de <strong>Adalid Maganda<\/strong>, quien fungi\u00f3 como cuarto silbante en el encuentro.<\/p>\n<p>\u201cAntes del juego, <strong>Adalid Maganda<\/strong> fue checar que los uniformes de los porteros fueran los escritos en la c\u00e9dula y en el vestuario visitante, el acapulque\u00f1o escuch\u00f3 que alguien emiti\u00f3 sonidos como imitando a un simio\u201d, revela el periodista mexicano David Medrano.<\/p>\n<p>Sin embargo, m\u00e1s all\u00e1 de la penosa acci\u00f3n, se destaca que el hecho no fue reportado en la c\u00e9dula arbitral por \u00f3rdenes de la Comisi\u00f3n de Arbitraje, pues decidieron no hacer p\u00fablica la situaci\u00f3n y evitar que directiva y jugadores del <strong>Pachuca<\/strong> resultaran afectados.<\/p>\n<p>Versiones que circulan en redes sociales apuntan que\u00a0Edgardo Codesal, director de capacitaci\u00f3n de la Comisi\u00f3n de \u00c1rbitros, fue notificado de la lastimosa\u00a0situaci\u00f3n y orden\u00f3 que no revelaran el incidente de car\u00e1cter racial, debido -seg\u00fan se especula- a la buena relaci\u00f3n que sostienen con Jes\u00fas Mart\u00ednez, presidente de los <em>Tuzos<\/em>.<\/p>\n<p>[video_player]https:\/\/player.vimeo.com\/external\/135709369.hd.mp4?s=d572296cdb9bd8e4b4b3891b18368eee&#038;profile_id=113[\/video_player]<\/p>\n","protected":false},"excerpt":{"rendered":"<p>Jugadores de los Tuzos habr\u00edan hecho sonidos de simio contra Adalid Maganda<\/p>\n","protected":false},"author":20,"featured_media":299985,"comment_status":"open","ping_status":"open","sticky":false,"template":"","format":"standard","meta":[],"categories":[4247,2198,3845],"tags":[5968,1403],"_links":{"self":[{"href":"http:\/\/desarrollo.grupomedios.com\/futbol\/wp-json\/wp\/v2\/posts\/299978"}],"collection":[{"href":"http:\/\/desarrollo.grupomedios.com\/futbol\/wp-json\/wp\/v2\/posts"}],"about":[{"href":"http:\/\/desarrollo.grupomedios.com\/futbol\/wp-json\/wp\/v2\/types\/post"}],"author":[{"embeddable":true,"href":"http:\/\/desarrollo.grupomedios.com\/futbol\/wp-json\/wp\/v2\/users\/20"}],"replies":[{"embeddable":true,"href":"http:\/\/desarrollo.grupomedios.com\/futbol\/wp-json\/wp\/v2\/comments?post=299978"}],"version-history":[{"count":0,"href":"http:\/\/desarrollo.grupomedios.com\/futbol\/wp-json\/wp\/v2\/posts\/299978\/revisions"}],"wp:featuredmedia":[{"embeddable":true,"href":"http:\/\/desarrollo.grupomedios.com\/futbol\/wp-json\/wp\/v2\/media\/299985"}],"wp:attachment":[{"href":"http:\/\/desarrollo.grupomedios.com\/futbol\/wp-json\/wp\/v2\/media?parent=299978"}],"wp:term":[{"taxonomy":"category","embeddable":true,"href":"http:\/\/desarrollo.grupomedios.com\/futbol\/wp-json\/wp\/v2\/categories?post=299978"},{"taxonomy":"post_tag","embeddable":true,"href":"http:\/\/desarrollo.grupomedios.com\/futbol\/wp-json\/wp\/v2\/tags?post=299978"}],"curies":[{"name":"wp","href":"https:\/\/api.w.org\/{rel}","templated":true}]}}