{"id":300006,"date":"2015-08-07T16:26:56","date_gmt":"2015-08-07T21:26:56","guid":{"rendered":"http:\/\/futboltotal.com.mx\/?p=300006"},"modified":"2015-08-07T16:31:54","modified_gmt":"2015-08-07T21:31:54","slug":"rubens-sambueza-defiende-a-ignacio-ambriz","status":"publish","type":"post","link":"http:\/\/desarrollo.grupomedios.com\/futbol\/futbol-mexicano\/rubens-sambueza-defiende-a-ignacio-ambriz\/2015\/08","title":{"rendered":"Rubens Sambueza defiende a Ignacio Ambriz"},"content":{"rendered":"<p>En conferencia de prensa, el futbolista del <strong><a href=\"http:\/\/www.futboltotal.com.mx\/equipos\/america\/\" target=\"_blank\">Am\u00e9rica<\/a><\/strong>, <strong>Rubens Sambueza<\/strong>, defendi\u00f3 la labor de <strong>Ignacio Ambriz<\/strong> como t\u00e9cnico del equipo, luego del mal arranque de las <em>\u00c1guilas<\/em> en el Apertura 2015.<\/p>\n<p>El volante argentino naturalizado mexicano, asegura que el mal inicio en <strong><a href=\"http:\/\/www.futboltotal.com.mx\/futbol-mexicano\/\" target=\"_blank\">Liga MX<\/a><\/strong> del <strong>Am\u00e9rica<\/strong>, es culpa tanto de los futbolistas como del estratega, por lo que son injustas las cr\u00edticas de la prensa y la afici\u00f3n, entorno al trabajo del estratega.<\/p>\n<p>&#8220;Los triunfos y las derrotas son compartidos, el que se le se\u00f1ale al profe Ambriz siempre va a estar, pero es m\u00e1s lindo respaldarlo en con victoria&#8221;, se\u00f1al\u00f3 Sambueza.<\/p>\n<p><strong>Rubens Sambueza<\/strong> tambi\u00e9n aclar\u00f3 que todo el equipo respalda a Ignacio Ambriz y entiende la idea que el estratega quiere que apliquen dentro del terreno de juego.<\/p>\n<p>&#8220;(Entendemos la idea), y si tenemos alguna duda, los m\u00e1s experimentados nos acercamos y hablamos con \u00e9l sobre la forma en que quiere que juguemos&#8221;, sentenci\u00f3 el futbolista.<\/p>\n<p>Rubens ya est\u00e1 recuperado y se siente listo para participar en el partido ante Pachuca, a celebrarse el s\u00e1bado 8 de agosto, a las 20:06 horas, en el Hurac\u00e1n; y est\u00e1 a la disposici\u00f3n de Ambriz, para los minutos que el estratega considere que puede jugar Sambueza.<\/p>\n<p>El volante tambi\u00e9n especific\u00f3 que la mayor\u00eda de los futbolistas del <strong>Am\u00e9rica<\/strong> que iniciaron el Apertura 2015 no realizaron la pretemporada completa por lo que eso repercuti\u00f3 en los resultados, &#8220;No es excusa, pero es parte del proceso&#8221;, se\u00f1al\u00f3 Sambueza.<\/p>\n<p>[video_player]https:\/\/player.vimeo.com\/external\/135709369.hd.mp4?s=d572296cdb9bd8e4b4b3891b18368eee&amp;profile_id=113[\/video_player]<\/p>\n<p>&nbsp;<\/p>\n","protected":false},"excerpt":{"rendered":"<p>El futbolista del Am\u00e9rica se\u00f1ala que el plantel respalda al estratega<\/p>\n","protected":false},"author":20,"featured_media":300017,"comment_status":"open","ping_status":"open","sticky":false,"template":"","format":"standard","meta":[],"categories":[2198,3845],"tags":[5959,511,808],"_links":{"self":[{"href":"http:\/\/desarrollo.grupomedios.com\/futbol\/wp-json\/wp\/v2\/posts\/300006"}],"collection":[{"href":"http:\/\/desarrollo.grupomedios.com\/futbol\/wp-json\/wp\/v2\/posts"}],"about":[{"href":"http:\/\/desarrollo.grupomedios.com\/futbol\/wp-json\/wp\/v2\/types\/post"}],"author":[{"embeddable":true,"href":"http:\/\/desarrollo.grupomedios.com\/futbol\/wp-json\/wp\/v2\/users\/20"}],"replies":[{"embeddable":true,"href":"http:\/\/desarrollo.grupomedios.com\/futbol\/wp-json\/wp\/v2\/comments?post=300006"}],"version-history":[{"count":0,"href":"http:\/\/desarrollo.grupomedios.com\/futbol\/wp-json\/wp\/v2\/posts\/300006\/revisions"}],"wp:featuredmedia":[{"embeddable":true,"href":"http:\/\/desarrollo.grupomedios.com\/futbol\/wp-json\/wp\/v2\/media\/300017"}],"wp:attachment":[{"href":"http:\/\/desarrollo.grupomedios.com\/futbol\/wp-json\/wp\/v2\/media?parent=300006"}],"wp:term":[{"taxonomy":"category","embeddable":true,"href":"http:\/\/desarrollo.grupomedios.com\/futbol\/wp-json\/wp\/v2\/categories?post=300006"},{"taxonomy":"post_tag","embeddable":true,"href":"http:\/\/desarrollo.grupomedios.com\/futbol\/wp-json\/wp\/v2\/tags?post=300006"}],"curies":[{"name":"wp","href":"https:\/\/api.w.org\/{rel}","templated":true}]}}