{"id":300226,"date":"2015-08-08T08:51:46","date_gmt":"2015-08-08T13:51:46","guid":{"rendered":"http:\/\/futboltotal.com.mx\/?p=300226"},"modified":"2015-08-08T14:50:58","modified_gmt":"2015-08-08T19:50:58","slug":"miguel-layun-debuta-en-premier-league","status":"publish","type":"post","link":"http:\/\/desarrollo.grupomedios.com\/futbol\/destacado-home\/miguel-layun-debuta-en-premier-league\/2015\/08","title":{"rendered":"Miguel Lay\u00fan debuta en Premier League"},"content":{"rendered":"<p><strong>Miguel Lay\u00fan<\/strong> cumpli\u00f3 con su objetivo. En invierno sorprendi\u00f3 a todo M\u00e9xico con el anuncio de que part\u00eda al <strong>Watford<\/strong>, en la segunda divisi\u00f3n inglesa. Todo mundo lo tach\u00f3 como un retroceso pero a base de lucha (con varios pasos en falso en el camino) consigui\u00f3 el cometido, pues este s\u00e1bado debut\u00f3 en la Premier League y con <a href=\"http:\/\/futboltotal.com.mx\/2015\/08\/la-sorpresa-que-tendra-layun-en-premier-league\/\">su n\u00famero de la suerte, el 19<\/a>.<\/p>\n<p>La campa\u00f1a anterior en The Championship fue complicAda para Lay\u00fan. En principio, cont\u00f3 con el apoyo de su t\u00e9cnico y era un habitual en el once estelar pero con el paso del tiempo, para Miguel los minutos en cancha eran menos por decisi\u00f3n t\u00e9cnica del serbio\u00a0Slavisa Jokanovic, situaci\u00f3n que fue modificada al final del curso en el que ascendieron, pues el veracruzano se gan\u00f3 la oportunidad de nuevo de saltar desde el cuadro inicial.<\/p>\n<blockquote class=\"twitter-tweet\" lang=\"es\">\n<p dir=\"ltr\" lang=\"sl\"><a href=\"https:\/\/twitter.com\/hashtag\/watfordfc?src=hash\">#watfordfc<\/a> starting line-up v <a href=\"https:\/\/twitter.com\/Everton\">@Everton<\/a>: Gomes (GK); Nyom, Cathcart, Pr\u00f6dl, Holebas; Capoue, Behrami; Anya, Jurado, Layun; Deeney (c).<\/p>\n<p>\u2014 Watford FC (@WatfordFC) <a href=\"https:\/\/twitter.com\/WatfordFC\/status\/630000553226031104\">agosto 8, 2015<\/a><\/p><\/blockquote>\n<p><script src=\"\/\/platform.twitter.com\/widgets.js\" async=\"\" charset=\"utf-8\"><\/script><\/p>\n<p>La situaci\u00f3n se percibe distinta para este torneo, pues el Watford sustituy\u00f3 al serbio como timonel y en su lugar ingres\u00f3 el estratega espa\u00f1ol Quique S\u00e1nchez Flores, que cedi\u00f3 su primera oportunidad a Miguel Lay\u00fan en Premier League, insert\u00e1ndolo como titular en el duelo en que los <em>Hornets<\/em> visitaron al Everton en Goodison Park.<\/p>\n<p>&#8220;Estoy muy emocionado por estar aqu\u00ed, contento de jugar en la Premier League, no quiero d\u00edas de descanso, quiero estar listo para jugar para la nueva temporada y estoy deseando que llegue&#8221;, se\u00f1al\u00f3 Lay\u00fan d\u00edas atr\u00e1s para el canal del Watford, antes de convertirse en el <a href=\"http:\/\/futboltotal.com.mx\/2015\/08\/premier-league-la-carrera-de-los-mexicanos\/\">noveno mexicano en la Premier League<\/a>.<\/p>\n","protected":false},"excerpt":{"rendered":"<p>El veracruzano se convirti\u00f3 en el noveno mexicano en jugar en la liga \u00e9lite del Reino Unido <\/p>\n","protected":false},"author":20,"featured_media":300232,"comment_status":"open","ping_status":"open","sticky":false,"template":"","format":"standard","meta":[],"categories":[5,3839,3846],"tags":[1035,4370],"_links":{"self":[{"href":"http:\/\/desarrollo.grupomedios.com\/futbol\/wp-json\/wp\/v2\/posts\/300226"}],"collection":[{"href":"http:\/\/desarrollo.grupomedios.com\/futbol\/wp-json\/wp\/v2\/posts"}],"about":[{"href":"http:\/\/desarrollo.grupomedios.com\/futbol\/wp-json\/wp\/v2\/types\/post"}],"author":[{"embeddable":true,"href":"http:\/\/desarrollo.grupomedios.com\/futbol\/wp-json\/wp\/v2\/users\/20"}],"replies":[{"embeddable":true,"href":"http:\/\/desarrollo.grupomedios.com\/futbol\/wp-json\/wp\/v2\/comments?post=300226"}],"version-history":[{"count":0,"href":"http:\/\/desarrollo.grupomedios.com\/futbol\/wp-json\/wp\/v2\/posts\/300226\/revisions"}],"wp:featuredmedia":[{"embeddable":true,"href":"http:\/\/desarrollo.grupomedios.com\/futbol\/wp-json\/wp\/v2\/media\/300232"}],"wp:attachment":[{"href":"http:\/\/desarrollo.grupomedios.com\/futbol\/wp-json\/wp\/v2\/media?parent=300226"}],"wp:term":[{"taxonomy":"category","embeddable":true,"href":"http:\/\/desarrollo.grupomedios.com\/futbol\/wp-json\/wp\/v2\/categories?post=300226"},{"taxonomy":"post_tag","embeddable":true,"href":"http:\/\/desarrollo.grupomedios.com\/futbol\/wp-json\/wp\/v2\/tags?post=300226"}],"curies":[{"name":"wp","href":"https:\/\/api.w.org\/{rel}","templated":true}]}}