{"id":300240,"date":"2015-08-08T09:30:04","date_gmt":"2015-08-08T14:30:04","guid":{"rendered":"http:\/\/futboltotal.com.mx\/?p=300240"},"modified":"2015-08-08T13:21:39","modified_gmt":"2015-08-08T18:21:39","slug":"miguel-layun-debuta-con-golazo-en-premier-league","status":"publish","type":"post","link":"http:\/\/desarrollo.grupomedios.com\/futbol\/videos\/miguel-layun-debuta-con-golazo-en-premier-league\/2015\/08","title":{"rendered":"Miguel Lay\u00fan debuta con golazo en Premier League"},"content":{"rendered":"<p>El estreno en Premier League para el veracruzano\u00a0<strong>Miguel Lay\u00fan<\/strong> no pudo ser de una mejor forma. El mexicano cumpli\u00f3 su anhelo a lo grande, con el primer gol del Watford del torneo, tras su regreso a la divisi\u00f3n \u00e9lite del futbol ingl\u00e9s.<\/p>\n<blockquote class=\"twitter-tweet\" lang=\"es\">\n<p dir=\"ltr\" lang=\"en\">14: GOAL: <a href=\"https:\/\/twitter.com\/hashtag\/watfordfc?src=hash\">#watfordfc<\/a> <a href=\"https:\/\/twitter.com\/Miguel_layun\">@Miguel_layun<\/a> 0-1!!!!!<\/p>\n<p>\u2014 Watford FC (@WatfordFC) <a href=\"https:\/\/twitter.com\/WatfordFC\/status\/630019158424555520\">agosto 8, 2015<\/a><\/p><\/blockquote>\n<p><script src=\"\/\/platform.twitter.com\/widgets.js\" async=\"\" charset=\"utf-8\"><\/script><\/p>\n<blockquote class=\"twitter-tweet\" lang=\"es\"><p>\n14: A wonderful volley from the Mexican, as he rifles home from inside the Everton area! What a start for <a href=\"https:\/\/twitter.com\/hashtag\/watfordfc?src=hash\">#watfordfc<\/a> \u2014 Watford FC (@WatfordFC) <a href=\"https:\/\/twitter.com\/WatfordFC\/status\/630019335894003713\">agosto 8, 2015<\/a>\n<\/p><\/blockquote>\n<p><script src=\"\/\/platform.twitter.com\/widgets.js\" async=\"\" charset=\"utf-8\"><\/script><\/p>\n<p>Los <em>Hornets<\/em> penetraron por la banda izquierda y ante un mal rechazo de la zaga del Everton, Miguel Lay\u00fan apareci\u00f3 solo, ingresando al \u00e1rea por el costado derecho y no se lo pens\u00f3, con el arco de frente, el 19 del <strong>Watford<\/strong> solt\u00f3 un misil con su derecha que se incrust\u00f3 en el arco del portero estadounidense Tim Howard, para de esa forma abrir el marcador en Goodison Park al minuto 14 ante unos <em>Toffies<\/em> testarudos.<\/p>\n<blockquote class=\"twitter-tweet\" lang=\"es\">\n<p dir=\"ltr\" lang=\"es\">\u00bfSe lo perdieron? \u00a1Aqu\u00ed, el gol completo de <a href=\"https:\/\/twitter.com\/Miguel_layun\">@Miguel_layun<\/a>! Un debut so\u00f1ado. ????\u26bd\ufe0f <a href=\"http:\/\/t.co\/8NLoc9xXOE\">http:\/\/t.co\/8NLoc9xXOE<\/a> <a href=\"http:\/\/t.co\/gezKHCuMp9\">pic.twitter.com\/gezKHCuMp9<\/a><\/p>\n<p>\u2014 futboltotal (@futboltotal) <a href=\"https:\/\/twitter.com\/futboltotal\/status\/630036839370350594\">agosto 8, 2015<\/a><\/p><\/blockquote>\n<p><script src=\"\/\/platform.twitter.com\/widgets.js\" async=\"\" charset=\"utf-8\"><\/script><\/p>\n<p>D\u00edas atr\u00e1s <strong>Miguel Lay\u00fan<\/strong> indic\u00f3 que regresar\u00eda al n\u00famero de la suerte, pues pidi\u00f3 la el\u00e1stica con el dorsal 19. Al parecer el destino colabor\u00f3 y el n\u00famero le ech\u00f3 una manita, pues comenz\u00f3 con el pie derecho su actuaci\u00f3n en Premier League y todo lo hizo patente con tremendo derechazo. #GrandeLay\u00fan<\/p>\n","protected":false},"excerpt":{"rendered":"<p>Con un derechazo dej\u00f3 sin posibilidad de reacci\u00f3n a Tim Howard <\/p>\n","protected":false},"author":20,"featured_media":300273,"comment_status":"open","ping_status":"open","sticky":false,"template":"","format":"standard","meta":[],"categories":[5,3839,3846,4],"tags":[1035,4370],"_links":{"self":[{"href":"http:\/\/desarrollo.grupomedios.com\/futbol\/wp-json\/wp\/v2\/posts\/300240"}],"collection":[{"href":"http:\/\/desarrollo.grupomedios.com\/futbol\/wp-json\/wp\/v2\/posts"}],"about":[{"href":"http:\/\/desarrollo.grupomedios.com\/futbol\/wp-json\/wp\/v2\/types\/post"}],"author":[{"embeddable":true,"href":"http:\/\/desarrollo.grupomedios.com\/futbol\/wp-json\/wp\/v2\/users\/20"}],"replies":[{"embeddable":true,"href":"http:\/\/desarrollo.grupomedios.com\/futbol\/wp-json\/wp\/v2\/comments?post=300240"}],"version-history":[{"count":0,"href":"http:\/\/desarrollo.grupomedios.com\/futbol\/wp-json\/wp\/v2\/posts\/300240\/revisions"}],"wp:featuredmedia":[{"embeddable":true,"href":"http:\/\/desarrollo.grupomedios.com\/futbol\/wp-json\/wp\/v2\/media\/300273"}],"wp:attachment":[{"href":"http:\/\/desarrollo.grupomedios.com\/futbol\/wp-json\/wp\/v2\/media?parent=300240"}],"wp:term":[{"taxonomy":"category","embeddable":true,"href":"http:\/\/desarrollo.grupomedios.com\/futbol\/wp-json\/wp\/v2\/categories?post=300240"},{"taxonomy":"post_tag","embeddable":true,"href":"http:\/\/desarrollo.grupomedios.com\/futbol\/wp-json\/wp\/v2\/tags?post=300240"}],"curies":[{"name":"wp","href":"https:\/\/api.w.org\/{rel}","templated":true}]}}