{"id":300289,"date":"2015-08-08T12:25:20","date_gmt":"2015-08-08T17:25:20","guid":{"rendered":"http:\/\/futboltotal.com.mx\/?p=300289"},"modified":"2015-08-08T12:25:20","modified_gmt":"2015-08-08T17:25:20","slug":"messi-ofrece-la-playera-10-del-barcelona-a-arda-turan","status":"publish","type":"post","link":"http:\/\/desarrollo.grupomedios.com\/futbol\/futbol-internacional\/messi-ofrece-la-playera-10-del-barcelona-a-arda-turan\/2015\/08","title":{"rendered":"Messi ofrece la playera 10 del Barcelona a Arda Turan"},"content":{"rendered":"<p>El Camp Nou no solo fue escenario de la conquista de un t\u00edtulo m\u00e1s del Trofeo Joan Gamper por parte del <strong>Barcelona<\/strong> a media semana. En este encuentro tambi\u00e9n se pudo notar la ausencia de los n\u00fameros en los dorsales de los futbolistas <strong>Aleix Vidal<\/strong> y\u00a0<strong>Arda Turan<\/strong>.<\/p>\n<p>Tras la sanci\u00f3n impuesta por la FIFA al club catal\u00e1n, los nuevos elementos que llegaron al equipo en este mercado de verano deber\u00e1n cumplir lo estipulado en el castigo. El cual indica que ser\u00e1 hasta el pr\u00f3ximo mercado invernal cuando puedan vestir la camisa oficial con un n\u00famero en alg\u00fan cotejo.<\/p>\n<p>Ante esta situaci\u00f3n, el medio turco <em>NTVSpor <\/em>se dio a la tarea\u00a0de saber cu\u00e1l era el pensar del futbolista <strong>Arda<\/strong>\u00a0<strong>Turan <\/strong>ante esta situaci\u00f3n. Sin ning\u00fan tipo de molestia coment\u00f3 que esperar\u00e1 el momento en que tenga la autorizaci\u00f3n la organizaci\u00f3n. Adem\u00e1s, agreg\u00f3 que vale la pena esperar por la playera 10 del <strong>Barcelona<\/strong> que el futbolista argentino le ofreci\u00f3.<\/p>\n<p>&#8220;Messi me dijo: Si quieres el 10 es tuyo&#8221;, agreg\u00f3 Arda Turan en tono de risa.<\/p>\n<p>Finalmente, agreg\u00f3 que el n\u00famero de la playera no es algo que le interese mucho, destac\u00f3 que en la selecci\u00f3n de su pa\u00eds utiliza el 14, n\u00famero que le gusta a su padre por ser fan\u00e1tico de Cruyff, no obstante, aclar\u00f3 que el rendimiento y el peso de una playera lo impone uno y el equipo.<\/p>\n","protected":false},"excerpt":{"rendered":"<p>&#8220;Si quieres el 10 es tuyo\u201d, mencion\u00f3 el argentino al ex Colchonero<\/p>\n","protected":false},"author":20,"featured_media":300298,"comment_status":"open","ping_status":"open","sticky":false,"template":"","format":"standard","meta":[],"categories":[3839,3844],"tags":[6055,5984,248],"_links":{"self":[{"href":"http:\/\/desarrollo.grupomedios.com\/futbol\/wp-json\/wp\/v2\/posts\/300289"}],"collection":[{"href":"http:\/\/desarrollo.grupomedios.com\/futbol\/wp-json\/wp\/v2\/posts"}],"about":[{"href":"http:\/\/desarrollo.grupomedios.com\/futbol\/wp-json\/wp\/v2\/types\/post"}],"author":[{"embeddable":true,"href":"http:\/\/desarrollo.grupomedios.com\/futbol\/wp-json\/wp\/v2\/users\/20"}],"replies":[{"embeddable":true,"href":"http:\/\/desarrollo.grupomedios.com\/futbol\/wp-json\/wp\/v2\/comments?post=300289"}],"version-history":[{"count":0,"href":"http:\/\/desarrollo.grupomedios.com\/futbol\/wp-json\/wp\/v2\/posts\/300289\/revisions"}],"wp:featuredmedia":[{"embeddable":true,"href":"http:\/\/desarrollo.grupomedios.com\/futbol\/wp-json\/wp\/v2\/media\/300298"}],"wp:attachment":[{"href":"http:\/\/desarrollo.grupomedios.com\/futbol\/wp-json\/wp\/v2\/media?parent=300289"}],"wp:term":[{"taxonomy":"category","embeddable":true,"href":"http:\/\/desarrollo.grupomedios.com\/futbol\/wp-json\/wp\/v2\/categories?post=300289"},{"taxonomy":"post_tag","embeddable":true,"href":"http:\/\/desarrollo.grupomedios.com\/futbol\/wp-json\/wp\/v2\/tags?post=300289"}],"curies":[{"name":"wp","href":"https:\/\/api.w.org\/{rel}","templated":true}]}}