{"id":300305,"date":"2015-08-08T12:54:04","date_gmt":"2015-08-08T17:54:04","guid":{"rendered":"http:\/\/futboltotal.com.mx\/?p=300305"},"modified":"2015-08-08T13:00:00","modified_gmt":"2015-08-08T18:00:00","slug":"tridente-brasileno-sorprende-en-practicas-del-bayern-munich","status":"publish","type":"post","link":"http:\/\/desarrollo.grupomedios.com\/futbol\/videos\/tridente-brasileno-sorprende-en-practicas-del-bayern-munich\/2015\/08","title":{"rendered":"Tridente brasile\u00f1o sorprende con el Bayern Munich"},"content":{"rendered":"<p>El viernes 14 de agosto inicia la <strong>Bundesliga<\/strong>. Grandes contrataciones y diversos partidos se han concretado en en este verano, sin embargo, la preparaci\u00f3n de los equipos en b\u00fasqueda del t\u00edtulo de este certamen sigue creciendo, aunque claro, existe un claro favorito por el cetro: <strong>Bayern Munich<\/strong>.<\/p>\n<p>El actual monarca de la la liga alemana, aument\u00f3 el ritmo de sus entrenamientos para llegar en un buen nivel competitivo al partido inaugural de esta campa\u00f1a cuando enfrenten en el\u00a0Allianz Arena, al conjunto del Hamburgo.<\/p>\n<p>En un video subido al canal oficial del Bayern Munich, se puede observar el gran nivel con el que cuentan sus futbolistas. En el show que es mostrado por el canal del club,<strong>Thiago Alc\u00e1ntara <\/strong>(nacido en Bracil e internacional por Espa\u00f1a)<strong>, Douglas Costa y Rafinha\u00a0<\/strong>protagonizan un ejercicio plet\u00f3rico de dominio y control del esf\u00e9rico, concluyendo con un pase sin que el esf\u00e9rico toque el c\u00e9sped delas instalaciones para entrenar de la entidad.<\/p>\n<p>La grabaci\u00f3n fue colgada del canal de Youtube del Bayern\u00a0M\u00fanich y ha causado un gran revuelo entre los aficionados del equipo, pues en menos de 12 horas alcanz\u00f3 una cifra mayor a las\u00a050, 000 visitas.<\/p>\n<p><strong>A continuaci\u00f3n el video de los protagonistas del campe\u00f3n, el tridente brasile\u00f1o sorprende en pr\u00e1cticas del Bayern Munich.\u00a0<\/strong><\/p>\n<p><iframe loading=\"lazy\" src=\"https:\/\/www.youtube.com\/embed\/FP-d9nhNllw?feature=oembed\" frameborder=\"0\" allowfullscreen><\/iframe><\/p>\n<p>&nbsp;<\/p>\n","protected":false},"excerpt":{"rendered":"<p>Thiago Alc\u00e1ntara, Douglas Costa y Rafinha se lucen en los ejercicios del d\u00eda <\/p>\n","protected":false},"author":20,"featured_media":300324,"comment_status":"open","ping_status":"open","sticky":false,"template":"","format":"standard","meta":[],"categories":[3839,4],"tags":[2056],"_links":{"self":[{"href":"http:\/\/desarrollo.grupomedios.com\/futbol\/wp-json\/wp\/v2\/posts\/300305"}],"collection":[{"href":"http:\/\/desarrollo.grupomedios.com\/futbol\/wp-json\/wp\/v2\/posts"}],"about":[{"href":"http:\/\/desarrollo.grupomedios.com\/futbol\/wp-json\/wp\/v2\/types\/post"}],"author":[{"embeddable":true,"href":"http:\/\/desarrollo.grupomedios.com\/futbol\/wp-json\/wp\/v2\/users\/20"}],"replies":[{"embeddable":true,"href":"http:\/\/desarrollo.grupomedios.com\/futbol\/wp-json\/wp\/v2\/comments?post=300305"}],"version-history":[{"count":0,"href":"http:\/\/desarrollo.grupomedios.com\/futbol\/wp-json\/wp\/v2\/posts\/300305\/revisions"}],"wp:featuredmedia":[{"embeddable":true,"href":"http:\/\/desarrollo.grupomedios.com\/futbol\/wp-json\/wp\/v2\/media\/300324"}],"wp:attachment":[{"href":"http:\/\/desarrollo.grupomedios.com\/futbol\/wp-json\/wp\/v2\/media?parent=300305"}],"wp:term":[{"taxonomy":"category","embeddable":true,"href":"http:\/\/desarrollo.grupomedios.com\/futbol\/wp-json\/wp\/v2\/categories?post=300305"},{"taxonomy":"post_tag","embeddable":true,"href":"http:\/\/desarrollo.grupomedios.com\/futbol\/wp-json\/wp\/v2\/tags?post=300305"}],"curies":[{"name":"wp","href":"https:\/\/api.w.org\/{rel}","templated":true}]}}