{"id":300337,"date":"2015-08-08T13:54:49","date_gmt":"2015-08-08T18:54:49","guid":{"rendered":"http:\/\/futboltotal.com.mx\/?p=300337"},"modified":"2015-08-08T13:55:11","modified_gmt":"2015-08-08T18:55:11","slug":"sergio-aguero-se-aduena-de-la-10-con-el-city","status":"publish","type":"post","link":"http:\/\/desarrollo.grupomedios.com\/futbol\/videos\/sergio-aguero-se-aduena-de-la-10-con-el-city\/2015\/08","title":{"rendered":"Sergio Ag\u00fcero se adue\u00f1a de la 10 con el City"},"content":{"rendered":"<p>El <strong>Manchester City<\/strong> busca el t\u00edtulo de la Premier League en su versi\u00f3n 2015-2016 y por ello, es imprescindible que sus figuras est\u00e9n felices, en especial <strong>Sergio Ag\u00fcero<\/strong>, goleador de la anterior campa\u00f1a (26) y por el\u00a0que ahora los fan\u00e1ticos <em>Citizens<\/em> deber\u00e1n acudir en la compra de la nueva el\u00e1stica, la 10, la que portar\u00e1 el <em>Kun<\/em>.<\/p>\n<blockquote class=\"twitter-tweet\" lang=\"es\">\n<p lang=\"en\" dir=\"ltr\">.<a href=\"https:\/\/twitter.com\/aguerosergiokun\">@aguerosergiokun<\/a> takes no.10 shirt for 2015\/16 season.&#10;&#10;Read: <a href=\"http:\/\/t.co\/isVS4icOzc\">http:\/\/t.co\/isVS4icOzc<\/a> <a href=\"https:\/\/twitter.com\/hashtag\/mcfc?src=hash\">#mcfc<\/a> <a href=\"http:\/\/t.co\/Y6zho9ZtXF\">pic.twitter.com\/Y6zho9ZtXF<\/a><\/p>\n<p>&mdash; Manchester City FC (@MCFC) <a href=\"https:\/\/twitter.com\/MCFC\/status\/629709502615560192\">agosto 7, 2015<\/a><\/p><\/blockquote>\n<p><script async src=\"\/\/platform.twitter.com\/widgets.js\" charset=\"utf-8\"><\/script><\/p>\n<p>El bosnio Edin Dzeko contaba con el dorsal m\u00e1gico, pero con su cambio de equipo (AS Roma) todo qued\u00f3 para el Kun Ag\u00fcero, que tendr\u00e1 nuevamente su n\u00famero preferido. <\/p>\n<p>&#8220;La verdad que cuando llegu\u00e9 ac\u00e1 en el City, bueno ya la &#8217;10&#8217; la ten\u00eda Edin, pero bueno, obviamente por respeto porque ya estaba Edin ac\u00e1 tuve que elegir otro n\u00famero&#8221;, se\u00f1al\u00f3 al canal del club.<\/p>\n<p><iframe loading=\"lazy\" src=\"https:\/\/www.youtube.com\/embed\/sSpyIKegiYs\" frameborder=\"0\" allowfullscreen><\/iframe><\/p>\n<p>&#8220;Siempre me gust\u00f3 el numero 10 porque en mi club desde chico, desde que empec\u00e9 ten\u00eda la 10 y bueno, hasta que jugu\u00e9 en Primera y despu\u00e9s en el Atl\u00e9tico us\u00e9 el 10, solo ac\u00e1 cambi\u00f3 el n\u00famero pero ahora que Edin se ha ido a la Roma, qued\u00f3 libre y bueno pregunt\u00e9 si pod\u00eda agarrarlo y me dijeron que s\u00ed&#8221;, asegur\u00f3 Ag\u00fcero.<\/p>\n<p>&#8220;Hay que acostumbrarse a que ya no usar\u00e9 el 16, fue muy lindo, gan\u00e9 dos Premiers pero ya no m\u00e1s&#8221;, finaliz\u00f3. <\/p>\n","protected":false},"excerpt":{"rendered":"<p>El Kun seguramente contar\u00e1 con una de las camisetas m\u00e1s vendidas en Inglaterra<\/p>\n","protected":false},"author":20,"featured_media":300339,"comment_status":"open","ping_status":"open","sticky":false,"template":"","format":"standard","meta":[],"categories":[3846,4],"tags":[5993,5992],"_links":{"self":[{"href":"http:\/\/desarrollo.grupomedios.com\/futbol\/wp-json\/wp\/v2\/posts\/300337"}],"collection":[{"href":"http:\/\/desarrollo.grupomedios.com\/futbol\/wp-json\/wp\/v2\/posts"}],"about":[{"href":"http:\/\/desarrollo.grupomedios.com\/futbol\/wp-json\/wp\/v2\/types\/post"}],"author":[{"embeddable":true,"href":"http:\/\/desarrollo.grupomedios.com\/futbol\/wp-json\/wp\/v2\/users\/20"}],"replies":[{"embeddable":true,"href":"http:\/\/desarrollo.grupomedios.com\/futbol\/wp-json\/wp\/v2\/comments?post=300337"}],"version-history":[{"count":0,"href":"http:\/\/desarrollo.grupomedios.com\/futbol\/wp-json\/wp\/v2\/posts\/300337\/revisions"}],"wp:featuredmedia":[{"embeddable":true,"href":"http:\/\/desarrollo.grupomedios.com\/futbol\/wp-json\/wp\/v2\/media\/300339"}],"wp:attachment":[{"href":"http:\/\/desarrollo.grupomedios.com\/futbol\/wp-json\/wp\/v2\/media?parent=300337"}],"wp:term":[{"taxonomy":"category","embeddable":true,"href":"http:\/\/desarrollo.grupomedios.com\/futbol\/wp-json\/wp\/v2\/categories?post=300337"},{"taxonomy":"post_tag","embeddable":true,"href":"http:\/\/desarrollo.grupomedios.com\/futbol\/wp-json\/wp\/v2\/tags?post=300337"}],"curies":[{"name":"wp","href":"https:\/\/api.w.org\/{rel}","templated":true}]}}