{"id":300401,"date":"2015-08-08T17:03:20","date_gmt":"2015-08-08T22:03:20","guid":{"rendered":"http:\/\/futboltotal.com.mx\/?p=300401"},"modified":"2015-08-08T17:03:34","modified_gmt":"2015-08-08T22:03:34","slug":"marcelo-bielsa-renuncia-al-olympique-de-marsella","status":"publish","type":"post","link":"http:\/\/desarrollo.grupomedios.com\/futbol\/destacado-home\/marcelo-bielsa-renuncia-al-olympique-de-marsella\/2015\/08","title":{"rendered":"Marcelo Bielsa renuncia al Olympique de Marsella"},"content":{"rendered":"<p>Este s\u00e1bado, el argentino <strong>Marcelo Bielsa<\/strong> renunci\u00f3 al cargo de director t\u00e9cnico del <strong>Olympique de Marsella<\/strong>. En conferencia de prensa, el <i>Loco<\/i> anunci\u00f3 su salida del club franc\u00e9s luego de caer en la jornada inaugural de la liga <em>gala<\/em>\u00a0contra el Caen.<\/p>\n<blockquote class=\"twitter-tweet\" lang=\"es\">\n<p dir=\"ltr\" lang=\"fr\">Je viens de d\u00e9missionner de mon poste d&#8217;entra\u00eeneur de l&#8217;<a href=\"https:\/\/twitter.com\/OM_Officiel\">@OM_Officiel<\/a>. <a href=\"https:\/\/twitter.com\/hashtag\/OMSMC?src=hash\">#OMSMC<\/a> <a href=\"http:\/\/t.co\/2TGeqkSWXk\">pic.twitter.com\/2TGeqkSWXk<\/a><\/p>\n<p>\u2014 Olympique Marseille (@OM_Officiel) <a href=\"https:\/\/twitter.com\/OM_Officiel\/status\/630125451315408897\">agosto 8, 2015<\/a><\/p><\/blockquote>\n<p><script src=\"\/\/platform.twitter.com\/widgets.js\" async=\"\" charset=\"utf-8\"><\/script><\/p>\n<p>No fue el debut esperado para el <strong>Olympique de Marsella<\/strong> en la liga francesa. Y es que adem\u00e1s de caer (0-1) ante el Caen,\u00a0despu\u00e9s del encuentro <strong>Marcelo Bielsa<\/strong> se anunci\u00f3 su dimisi\u00f3n como entrenador del equipo franc\u00e9s.<\/p>\n<p>Tras un a\u00f1o en el <strong>Olympique<\/strong>, el entrenador\u00a0argentino se mostr\u00f3 descontento por los fichajes y las salidas del equipo durante este mercado de vereno\u00a0y la derrota en la primera fecha del torneo fue el detonante para que el <em>Loco<\/em>\u00a0dejara de dirigir al cuadro <em>galo<\/em>.<\/p>\n<p>Hace unid d\u00edas, el diario franc\u00e9s \u00a0<em>L\u2019\u00c9quipe<\/em>\u00a0hizo eco de una oferta interesante que lleg\u00f3 a <strong>Marcelo Bielsa<\/strong>\u00a0para cubrir la vacante de\u00a0Miguel Herrera en la direcci\u00f3n t\u00e9cnica\u00a0de la <strong>Selecci\u00f3n Mexicana<\/strong>, dando \u00e9nfasis a su paso por el futbol\u00a0<em>azteca<\/em>\u00a0con etapas laborales en Atlas y Am\u00e9rica.<\/p>\n<p>El mismo diario a\u00f1adi\u00f3 que el entrenador argentino\u00a0firm\u00f3 con el <strong>Marsella<\/strong> hace un a\u00f1o un contrato por dos temporadas,\u00a0pero con la posibilidad de rescindirlo cuando lo considerara oportuno, por lo que nada le ataba al club <em>galo<\/em>. A las especulaciones en medios franceses, medios en M\u00e9xico\u00a0se\u00f1alaron que se dieron los primeros acercamientos entre la Federaci\u00f3n Mexicana de Futbol y el <em>Loco<\/em>. Ante ello, se record\u00f3 el\u00a0cambio\u00a0de equipo por selecci\u00f3n que hizo Bielsa en 1998, cuando abandon\u00f3 al Espanyol por realizar su sue\u00f1o de dirigir a Argentina.<\/p>\n<p>Sin duda, con la renuncia se ensancha\u00a0la posibilidad de que <strong>Marcelo Bielsa<\/strong> dirija a la <strong>Selecci\u00f3n Mexicana<\/strong>, \u00bfno lo creen, <em>cracks<\/em>?<\/p>\n","protected":false},"excerpt":{"rendered":"<p>El DT argentino es candidato para dirigir a la Selecci\u00f3n Mexicana<\/p>\n","protected":false},"author":20,"featured_media":300415,"comment_status":"open","ping_status":"open","sticky":false,"template":"","format":"standard","meta":[],"categories":[5,3839,2198,3847],"tags":[1173],"_links":{"self":[{"href":"http:\/\/desarrollo.grupomedios.com\/futbol\/wp-json\/wp\/v2\/posts\/300401"}],"collection":[{"href":"http:\/\/desarrollo.grupomedios.com\/futbol\/wp-json\/wp\/v2\/posts"}],"about":[{"href":"http:\/\/desarrollo.grupomedios.com\/futbol\/wp-json\/wp\/v2\/types\/post"}],"author":[{"embeddable":true,"href":"http:\/\/desarrollo.grupomedios.com\/futbol\/wp-json\/wp\/v2\/users\/20"}],"replies":[{"embeddable":true,"href":"http:\/\/desarrollo.grupomedios.com\/futbol\/wp-json\/wp\/v2\/comments?post=300401"}],"version-history":[{"count":0,"href":"http:\/\/desarrollo.grupomedios.com\/futbol\/wp-json\/wp\/v2\/posts\/300401\/revisions"}],"wp:featuredmedia":[{"embeddable":true,"href":"http:\/\/desarrollo.grupomedios.com\/futbol\/wp-json\/wp\/v2\/media\/300415"}],"wp:attachment":[{"href":"http:\/\/desarrollo.grupomedios.com\/futbol\/wp-json\/wp\/v2\/media?parent=300401"}],"wp:term":[{"taxonomy":"category","embeddable":true,"href":"http:\/\/desarrollo.grupomedios.com\/futbol\/wp-json\/wp\/v2\/categories?post=300401"},{"taxonomy":"post_tag","embeddable":true,"href":"http:\/\/desarrollo.grupomedios.com\/futbol\/wp-json\/wp\/v2\/tags?post=300401"}],"curies":[{"name":"wp","href":"https:\/\/api.w.org\/{rel}","templated":true}]}}