{"id":300431,"date":"2015-08-08T19:19:44","date_gmt":"2015-08-09T00:19:44","guid":{"rendered":"http:\/\/futboltotal.com.mx\/?p=300431"},"modified":"2015-08-08T19:21:06","modified_gmt":"2015-08-09T00:21:06","slug":"hector-herrera-juega-en-presentacion-del-porto","status":"publish","type":"post","link":"http:\/\/desarrollo.grupomedios.com\/futbol\/futbol-internacional\/hector-herrera-juega-en-presentacion-del-porto\/2015\/08","title":{"rendered":"H\u00e9ctor Herrera juega en presentaci\u00f3n del Porto"},"content":{"rendered":"<p><strong>Porto<\/strong> realiz\u00f3 su presentaci\u00f3n oficial en el Estadio O Dragao, donde enfrent\u00f3 a N\u00e1poles en su \u00faltimo juego de preparaci\u00f3n de cara a la Temporada 2015-16. <strong>Hector Herrera<\/strong> jug\u00f3 todo el partido.<\/p>\n<p><strong>H\u00e9ctor Herrera<\/strong> e <strong>Iker Casillas<\/strong> saltaron al terreno de juego como titulares ante N\u00e1poles, en el encuentro que <strong>Porto<\/strong> empat\u00f3 con los italianos con marcador de 0-0.<\/p>\n<blockquote class=\"twitter-tweet\" lang=\"es\">\n<p dir=\"ltr\" lang=\"pt\">A primeira vez de <a href=\"https:\/\/twitter.com\/CasillasWorld\">@CasillasWorld<\/a> no Drag\u00e3o. \/ The first time at the Drag\u00e3o. \/ Debut en el Drag\u00e3o. <a href=\"https:\/\/twitter.com\/hashtag\/SomosPorto?src=hash\">#SomosPorto<\/a> <a href=\"http:\/\/t.co\/QPftU19rCL\">pic.twitter.com\/QPftU19rCL<\/a><\/p>\n<p>\u2014 FC Porto (@FCPorto) <a href=\"https:\/\/twitter.com\/FCPorto\/status\/630150806017327104\">agosto 8, 2015<\/a><\/p><\/blockquote>\n<p><script src=\"\/\/platform.twitter.com\/widgets.js\" async=\"\" charset=\"utf-8\"><\/script>El equipo se tom\u00f3 la foto oficial previo al inicio del cotejo. <strong>H\u00e9ctor Herrera<\/strong> se vio muy participativo y tuvo jugadas prometedoras que vislumbraron la mejor\u00eda en su nivel e incluso tuvo en sus pies la oportunidad de abrir el marcador; no obstante, ni \u00e9l ni los <em>Dragones<\/em> del <strong>Porto<\/strong> pudieron hacer anotaciones.<\/p>\n<p><strong>Iker Casillas<\/strong> hizo lo propio para evitar tambi\u00e9n el gol en contra en la primera parte, para el segundo tiempo, Helton custodi\u00f3 los tres palos del <strong>Porto<\/strong>.<\/p>\n<blockquote class=\"twitter-tweet\" lang=\"es\"><p>\nO palco \u00e9 deles. \/ The stage is theirs. \/ El escenario es de ellos. <a href=\"https:\/\/twitter.com\/hashtag\/FCPorto?src=hash\">#FCPorto<\/a> <a href=\"https:\/\/twitter.com\/hashtag\/SomosPorto?src=hash\">#SomosPorto<\/a> <a href=\"https:\/\/t.co\/vZkpxkblGp\">https:\/\/t.co\/vZkpxkblGp<\/a> \u2014 FC Porto (@FCPorto) <a href=\"https:\/\/twitter.com\/FCPorto\/status\/630089684077522944\">agosto 8, 2015<\/a>\n<\/p><\/blockquote>\n<p><script src=\"\/\/platform.twitter.com\/widgets.js\" async=\"\" charset=\"utf-8\"><\/script><\/p>\n<p>As\u00ed fue la presentaci\u00f3n del <strong>Porto<\/strong>:<\/p>\n<div id=\"galleryHmj\" style=\"display:none;\"><img alt=\"\" src=\"http:\/\/desarrollo.grupomedios.com\/futbol\/wp-content\/uploads\/2015\/08\/porto-vs-napoles.jpg\" data-image=\"http:\/\/desarrollo.grupomedios.com\/futbol\/wp-content\/uploads\/2015\/08\/porto-vs-napoles.jpg\" data-description=\"porto-vs-napoles\"><img alt=\"\" src=\"http:\/\/desarrollo.grupomedios.com\/futbol\/wp-content\/uploads\/2015\/08\/porto-vs-n\u00e1poles.jpg\" data-image=\"http:\/\/desarrollo.grupomedios.com\/futbol\/wp-content\/uploads\/2015\/08\/porto-vs-n\u00e1poles.jpg\" data-description=\"porto-vs-n\u00e1poles\"><img alt=\"\" src=\"http:\/\/desarrollo.grupomedios.com\/futbol\/wp-content\/uploads\/2015\/08\/porto-vs-napoles-1.jpg\" data-image=\"http:\/\/desarrollo.grupomedios.com\/futbol\/wp-content\/uploads\/2015\/08\/porto-vs-napoles-1.jpg\" data-description=\"porto-vs-napoles-1\"><img alt=\"\" src=\"http:\/\/desarrollo.grupomedios.com\/futbol\/wp-content\/uploads\/2015\/08\/porto-vs-napoles-2.jpg\" data-image=\"http:\/\/desarrollo.grupomedios.com\/futbol\/wp-content\/uploads\/2015\/08\/porto-vs-napoles-2.jpg\" data-description=\"porto-vs-napoles-2\"><img alt=\"\" src=\"http:\/\/desarrollo.grupomedios.com\/futbol\/wp-content\/uploads\/2015\/08\/porto-vs-napoles-4.jpg\" data-image=\"http:\/\/desarrollo.grupomedios.com\/futbol\/wp-content\/uploads\/2015\/08\/porto-vs-napoles-4.jpg\" data-description=\"porto-vs-napoles-4\"><img alt=\"\" src=\"http:\/\/desarrollo.grupomedios.com\/futbol\/wp-content\/uploads\/2015\/08\/porto-vs-napoles-5.jpg\" data-image=\"http:\/\/desarrollo.grupomedios.com\/futbol\/wp-content\/uploads\/2015\/08\/porto-vs-napoles-5.jpg\" data-description=\"porto-vs-napoles-5\"><img alt=\"\" src=\"http:\/\/desarrollo.grupomedios.com\/futbol\/wp-content\/uploads\/2015\/08\/porto-vs-napoles-6.jpg\" data-image=\"http:\/\/desarrollo.grupomedios.com\/futbol\/wp-content\/uploads\/2015\/08\/porto-vs-napoles-6.jpg\" data-description=\"porto-vs-napoles-6\"><\/div>\n        <script>\n        \/\/galeria 1\n        jQuery(document).ready(function(){ \n            var api;\n            api = jQuery(\"#galleryHmj\").unitegallery({\n                carousel_autoplay: false\n            }); \n        });\n        <\/script>\n        \n","protected":false},"excerpt":{"rendered":"<p>El mediocampista mexicano jug\u00f3 el partido completo ante N\u00e1poles<\/p>\n","protected":false},"author":20,"featured_media":300456,"comment_status":"open","ping_status":"open","sticky":false,"template":"","format":"standard","meta":[],"categories":[3839,3844],"tags":[5995,6077],"_links":{"self":[{"href":"http:\/\/desarrollo.grupomedios.com\/futbol\/wp-json\/wp\/v2\/posts\/300431"}],"collection":[{"href":"http:\/\/desarrollo.grupomedios.com\/futbol\/wp-json\/wp\/v2\/posts"}],"about":[{"href":"http:\/\/desarrollo.grupomedios.com\/futbol\/wp-json\/wp\/v2\/types\/post"}],"author":[{"embeddable":true,"href":"http:\/\/desarrollo.grupomedios.com\/futbol\/wp-json\/wp\/v2\/users\/20"}],"replies":[{"embeddable":true,"href":"http:\/\/desarrollo.grupomedios.com\/futbol\/wp-json\/wp\/v2\/comments?post=300431"}],"version-history":[{"count":0,"href":"http:\/\/desarrollo.grupomedios.com\/futbol\/wp-json\/wp\/v2\/posts\/300431\/revisions"}],"wp:featuredmedia":[{"embeddable":true,"href":"http:\/\/desarrollo.grupomedios.com\/futbol\/wp-json\/wp\/v2\/media\/300456"}],"wp:attachment":[{"href":"http:\/\/desarrollo.grupomedios.com\/futbol\/wp-json\/wp\/v2\/media?parent=300431"}],"wp:term":[{"taxonomy":"category","embeddable":true,"href":"http:\/\/desarrollo.grupomedios.com\/futbol\/wp-json\/wp\/v2\/categories?post=300431"},{"taxonomy":"post_tag","embeddable":true,"href":"http:\/\/desarrollo.grupomedios.com\/futbol\/wp-json\/wp\/v2\/tags?post=300431"}],"curies":[{"name":"wp","href":"https:\/\/api.w.org\/{rel}","templated":true}]}}