{"id":300655,"date":"2015-08-09T10:52:06","date_gmt":"2015-08-09T15:52:06","guid":{"rendered":"http:\/\/futboltotal.com.mx\/?p=300655"},"modified":"2015-08-09T10:52:29","modified_gmt":"2015-08-09T15:52:29","slug":"marsella-critica-las-locuras-de-marcelo-bielsa","status":"publish","type":"post","link":"http:\/\/desarrollo.grupomedios.com\/futbol\/destacado-home\/marsella-critica-las-locuras-de-marcelo-bielsa\/2015\/08","title":{"rendered":"Marsella critica las locuras de Marcelo Bielsa"},"content":{"rendered":"<p><strong>Marecelo Bielsa<\/strong> qued\u00f3 libre de contratos, a partir de ahora ser\u00e1 libre de firmar con el equipo que m\u00e1s le convenga a sus intereses y como principal alternativa surge la <strong>Selecci\u00f3n Mexicana<\/strong>. Pero mientras en M\u00e9xico se muestran contentos y a la expectativa por la posibilidad de contar con un t\u00e9cnico de su extirpe, en Francia las cosas son bastante distintas. <\/p>\n<p>El Olympique de Marsella acus\u00f3 hoy a su exentrenador Marcelo Bielsa de querer situar &#8220;sus intereses personales por encima de los del club&#8221;, un d\u00eda despu\u00e9s de que el t\u00e9cnico argentino presentara su renuncia. En un comunicado difundido a trav\u00e9s de internet, la direcci\u00f3n del equipo asegur\u00f3 que hizo &#8220;todo lo posible&#8221; para tener &#8220;un entrenador a la altura de esa responsabilidad&#8221;.<\/p>\n<p>&#8220;Pero el Marsella no puede, en ning\u00fan caso, ser prisionero de las exigencias de alguien que sit\u00faa sus intereses personales muy por encima de los de la instituci\u00f3n&#8221;, agreg\u00f3 la entidad en el escrito. <\/p>\n<p>Marcelo Bielsa anunci\u00f3 anoche, <a href=\"http:\/\/futboltotal.com.mx\/2015\/08\/el-misil-de-delort-que-provoco-la-renuncia-de-marcelo-bielsa\/\">tras la derrota de su equipo contra el Caen en el primer partido liguero<\/a>, que no segu\u00eda al frente del Marsella, al considerar que no se hab\u00eda respetado el compromiso verbal al que hab\u00eda llegado con el presidente, Vincent Labrune, para renovar su contrato hasta 2017.<\/p>\n<p>El <em>Loco<\/em> Bielsa acus\u00f3 al director general y al representante de la accionista principal, Margarita Louis-Dreiyfus, de haber modificado algunos puntos de ese contrato, lo que motiv\u00f3 que perdiera la confianza en la instituci\u00f3n. En su respuesta, el Marsella asegur\u00f3 que posee &#8220;valores \u00fanicos y una historia suficientemente rica como para rechazar someterse a la ley de un solo hombre&#8221;.<\/p>\n","protected":false},"excerpt":{"rendered":"<p>En un comunicado mostraron su descontento por la renuncia del estratega argentino <\/p>\n","protected":false},"author":20,"featured_media":300656,"comment_status":"open","ping_status":"open","sticky":false,"template":"","format":"standard","meta":[],"categories":[5],"tags":[1173],"_links":{"self":[{"href":"http:\/\/desarrollo.grupomedios.com\/futbol\/wp-json\/wp\/v2\/posts\/300655"}],"collection":[{"href":"http:\/\/desarrollo.grupomedios.com\/futbol\/wp-json\/wp\/v2\/posts"}],"about":[{"href":"http:\/\/desarrollo.grupomedios.com\/futbol\/wp-json\/wp\/v2\/types\/post"}],"author":[{"embeddable":true,"href":"http:\/\/desarrollo.grupomedios.com\/futbol\/wp-json\/wp\/v2\/users\/20"}],"replies":[{"embeddable":true,"href":"http:\/\/desarrollo.grupomedios.com\/futbol\/wp-json\/wp\/v2\/comments?post=300655"}],"version-history":[{"count":0,"href":"http:\/\/desarrollo.grupomedios.com\/futbol\/wp-json\/wp\/v2\/posts\/300655\/revisions"}],"wp:featuredmedia":[{"embeddable":true,"href":"http:\/\/desarrollo.grupomedios.com\/futbol\/wp-json\/wp\/v2\/media\/300656"}],"wp:attachment":[{"href":"http:\/\/desarrollo.grupomedios.com\/futbol\/wp-json\/wp\/v2\/media?parent=300655"}],"wp:term":[{"taxonomy":"category","embeddable":true,"href":"http:\/\/desarrollo.grupomedios.com\/futbol\/wp-json\/wp\/v2\/categories?post=300655"},{"taxonomy":"post_tag","embeddable":true,"href":"http:\/\/desarrollo.grupomedios.com\/futbol\/wp-json\/wp\/v2\/tags?post=300655"}],"curies":[{"name":"wp","href":"https:\/\/api.w.org\/{rel}","templated":true}]}}