{"id":300665,"date":"2015-08-09T11:17:20","date_gmt":"2015-08-09T16:17:20","guid":{"rendered":"http:\/\/futboltotal.com.mx\/?p=300665"},"modified":"2015-08-12T15:26:37","modified_gmt":"2015-08-12T20:26:37","slug":"las-condiciones-de-bielsa-para-dirigir-a-la-seleccion-mexicana","status":"publish","type":"post","link":"http:\/\/desarrollo.grupomedios.com\/futbol\/destacado-home\/las-condiciones-de-bielsa-para-dirigir-a-la-seleccion-mexicana\/2015\/08","title":{"rendered":"Las condiciones de Bielsa para dirigir al Tri"},"content":{"rendered":"<p>La renuncia de <strong>Marcelo Bielsa<\/strong> con el Olympique de Marsella ilusiona a la <strong>Federaci\u00f3n Mexicana de Futbol<\/strong> con un posible acuerdo para que se haga cargo de la <strong>Selecci\u00f3n Mexicana<\/strong>.<\/p>\n<p><a href=\"http:\/\/futboltotal.com.mx\/2015\/08\/marcelo-bielsa-renuncia-al-olympique-de-marsella\/\">Un tanto sorpresiva fue su dimisi\u00f3n<\/a>, pues el <em>Loco<\/em> <strong>Bielsa<\/strong> asegur\u00f3 el pasado jueves que se mantendr\u00eda con el Marsella y que los rumores sobre los contactos con la <strong>Selecci\u00f3n Mexicana<\/strong> eran hipot\u00e9ticos, que no exist\u00edan. Pero al parecer las cosas no estaban en orden y el argentino decidi\u00f3 dar un paso al costado por lo cual su vinculaci\u00f3n con el <em>Tri<\/em> se mantiene como algo muy atente.<\/p>\n<p>Este s\u00e1bado tras su renuncia, tambi\u00e9n se conoci\u00f3 que a pesar de haber desmentido toda clase de acercamientos, las pl\u00e1ticas si existieron e inclusive, <strong>Marcelo Bielsa<\/strong> tendr\u00eda sus primeras condiciones para hacerse cargo de la <strong>Selecci\u00f3n Mexicana<\/strong>, seg\u00fan revel\u00f3 <em>Univision Deportes<\/em>.<\/p>\n<p><strong>Las condiciones del Loco Bielsa<\/strong><\/p>\n<p>+ Filtros a seleccionados: m\u00e9dicos, deportivos y f\u00edsicos.<\/p>\n<p>+ No participar en campa\u00f1as publicitarias.<\/p>\n<p>+ Control de todas las selecciones.<\/p>\n<p>+ Rivales del Top 20 en r\u00e1nking FIFA.<\/p>\n<p>+ Trabajar\u00edan con su cuerpo m\u00e9dico y preparador f\u00edsico.<\/p>\n<p>+ \u00c9l pone a su equipo de prensa.<\/p>\n<p>+ Reunirse personalmente con due\u00f1os y federativos.<\/p>\n<p>+ Reestructuraci\u00f3n del Centro de Alto Rendimiento.<\/p>\n<p>+ 5 canchas de entrenamiento.<\/p>\n<p>+ C\u00e1maras hiperb\u00e1ricas.<\/p>\n<p>+ Entrenar en Pachuca.<\/p>\n<p>+ Si el CAR no est\u00e1 perfeccionado en 12 meses, se va.<\/p>\n","protected":false},"excerpt":{"rendered":"<p>Varios son los puntos que el Loco tendr\u00eda como prioridades para aceptar la propuesta<\/p>\n","protected":false},"author":20,"featured_media":300671,"comment_status":"open","ping_status":"open","sticky":false,"template":"","format":"standard","meta":[],"categories":[5,3847],"tags":[1173,5979],"_links":{"self":[{"href":"http:\/\/desarrollo.grupomedios.com\/futbol\/wp-json\/wp\/v2\/posts\/300665"}],"collection":[{"href":"http:\/\/desarrollo.grupomedios.com\/futbol\/wp-json\/wp\/v2\/posts"}],"about":[{"href":"http:\/\/desarrollo.grupomedios.com\/futbol\/wp-json\/wp\/v2\/types\/post"}],"author":[{"embeddable":true,"href":"http:\/\/desarrollo.grupomedios.com\/futbol\/wp-json\/wp\/v2\/users\/20"}],"replies":[{"embeddable":true,"href":"http:\/\/desarrollo.grupomedios.com\/futbol\/wp-json\/wp\/v2\/comments?post=300665"}],"version-history":[{"count":0,"href":"http:\/\/desarrollo.grupomedios.com\/futbol\/wp-json\/wp\/v2\/posts\/300665\/revisions"}],"wp:featuredmedia":[{"embeddable":true,"href":"http:\/\/desarrollo.grupomedios.com\/futbol\/wp-json\/wp\/v2\/media\/300671"}],"wp:attachment":[{"href":"http:\/\/desarrollo.grupomedios.com\/futbol\/wp-json\/wp\/v2\/media?parent=300665"}],"wp:term":[{"taxonomy":"category","embeddable":true,"href":"http:\/\/desarrollo.grupomedios.com\/futbol\/wp-json\/wp\/v2\/categories?post=300665"},{"taxonomy":"post_tag","embeddable":true,"href":"http:\/\/desarrollo.grupomedios.com\/futbol\/wp-json\/wp\/v2\/tags?post=300665"}],"curies":[{"name":"wp","href":"https:\/\/api.w.org\/{rel}","templated":true}]}}