{"id":301040,"date":"2015-08-10T12:20:21","date_gmt":"2015-08-10T17:20:21","guid":{"rendered":"http:\/\/futboltotal.com.mx\/?p=301040"},"modified":"2015-08-10T15:21:50","modified_gmt":"2015-08-10T20:21:50","slug":"tecos-regresa-al-futbol-mexicano","status":"publish","type":"post","link":"http:\/\/desarrollo.grupomedios.com\/futbol\/futbol-mexicano\/tecos-regresa-al-futbol-mexicano\/2015\/08","title":{"rendered":"Tecos regresa al futbol mexicano"},"content":{"rendered":"<p>Un equipo de tradici\u00f3n y con t\u00edtulos en la \u00e9lite del futbol mexicano est\u00e1 de regreso. Los <strong>Tecos<\/strong> regresan al futbol mexicano y emprender\u00e1n un largo camino en busca del cometido: instalarse en la <strong>Liga MX<\/strong>.<\/p>\n<p>El camino no ser\u00e1 para nada f\u00e1cil, pero apoyados en gente que conoce el futbol mexicano, pero sobre todo, siente los colores de la instituci\u00f3n, los Tecos emprenden un proyecto que pretende hacer a la entidad nuevamentre de Primera Divisi\u00f3n.<\/p>\n<blockquote class=\"twitter-tweet\" lang=\"es\">\n<p dir=\"ltr\" lang=\"es\">Tecos F.C es el nuevo nombre del equipo de 3ra Division y este sera el logotipo&#8230; <a href=\"http:\/\/t.co\/Cn0MRozhjJ\">pic.twitter.com\/Cn0MRozhjJ<\/a><\/p>\n<p>\u2014 Tecolotes_UAG (@TecolotesUAG) <a href=\"https:\/\/twitter.com\/TecolotesUAG\/status\/630749458897088512\">agosto 10, 2015<\/a><\/p><\/blockquote>\n<p><script src=\"\/\/platform.twitter.com\/widgets.js\" async=\"\" charset=\"utf-8\"><\/script><\/p>\n<p>Los Tecos tienen como su g\u00e9nesis el a\u00f1o 1935, momento en que se fund\u00f3 la Universidad Aut\u00f3noma de Guadalajara, sin embargo, no fue sino hasta 1971 que decidieron afiliarse a la Tercera Divisi\u00f3n por iniciativa de Antonio Lea\u00f1o, comenzando con su etapa en el profesionalismo.<\/p>\n<p>Bastaron 4 a\u00f1os para que los Tecos probaran las mieles de la Primera Divisi\u00f3n (1975) y dos d\u00e9cadas y tres a\u00f1os despu\u00e9s de su fundaci\u00f3n se coronaron en el m\u00e1ximo circuito de la mano de V\u00edctor Manuel Vucetich (1994).<\/p>\n<p>Pero de a poco la afici\u00f3n sufri\u00f3 un desapego con el equipo y pasaron a\u00f1os irregulares (en el periplo hubo una final perdida ante Am\u00e9rica en 2005). Lleg\u00f3 el descenso en 2012 y tan solo un a\u00f1o despu\u00e9s la venta del equipo. Para 2014 el equipo ya hab\u00eda desaparecido, pero la familia Lea\u00f1o decidi\u00f3 regresar al negocio porque extra\u00f1aba el futbol y el 2015 marca su resurgimiento.<\/p>\n<blockquote class=\"twitter-tweet\" lang=\"es\">\n<p lang=\"es\" dir=\"ltr\">Nuestro DT sera el se\u00f1or Rodrigo &quot;El Pony&quot; Ruiz, como Presidente el Sr. Antonio Lea\u00f1o, Vice Presidente Juan Carlos Lea\u00f1o. <a href=\"https:\/\/twitter.com\/hashtag\/TecosFC?src=hash\">#TecosFC<\/a> <a href=\"https:\/\/twitter.com\/hashtag\/Tecos?src=hash\">#Tecos<\/a><\/p>\n<p>&mdash; Tecolotes_UAG (@TecolotesUAG) <a href=\"https:\/\/twitter.com\/TecolotesUAG\/status\/630785630474121216\">agosto 10, 2015<\/a><\/p><\/blockquote>\n<p><script async src=\"\/\/platform.twitter.com\/widgets.js\" charset=\"utf-8\"><\/script><\/p>\n<p>Regresan los Tecos, nuevamente desde la Tercera Divisi\u00f3n. Como t\u00e9cnico el carism\u00e1tico Pony Ruiz, en la Presidencia del equipo el se\u00f1or Antonio Lea\u00f1o y para la Vicepresidencia, Juan Carlos Lea\u00f1o. <\/p>\n<p>\u00a1Suerte a los Tecos en esta nueva aventura!<\/p>\n","protected":false},"excerpt":{"rendered":"<p>El equipo luchar\u00e1 por regresar a la Liga MX desde la Tercera Divisi\u00f3n <\/p>\n","protected":false},"author":20,"featured_media":301053,"comment_status":"open","ping_status":"open","sticky":false,"template":"","format":"standard","meta":[],"categories":[2198,3845],"tags":[1569,1766],"_links":{"self":[{"href":"http:\/\/desarrollo.grupomedios.com\/futbol\/wp-json\/wp\/v2\/posts\/301040"}],"collection":[{"href":"http:\/\/desarrollo.grupomedios.com\/futbol\/wp-json\/wp\/v2\/posts"}],"about":[{"href":"http:\/\/desarrollo.grupomedios.com\/futbol\/wp-json\/wp\/v2\/types\/post"}],"author":[{"embeddable":true,"href":"http:\/\/desarrollo.grupomedios.com\/futbol\/wp-json\/wp\/v2\/users\/20"}],"replies":[{"embeddable":true,"href":"http:\/\/desarrollo.grupomedios.com\/futbol\/wp-json\/wp\/v2\/comments?post=301040"}],"version-history":[{"count":0,"href":"http:\/\/desarrollo.grupomedios.com\/futbol\/wp-json\/wp\/v2\/posts\/301040\/revisions"}],"wp:featuredmedia":[{"embeddable":true,"href":"http:\/\/desarrollo.grupomedios.com\/futbol\/wp-json\/wp\/v2\/media\/301053"}],"wp:attachment":[{"href":"http:\/\/desarrollo.grupomedios.com\/futbol\/wp-json\/wp\/v2\/media?parent=301040"}],"wp:term":[{"taxonomy":"category","embeddable":true,"href":"http:\/\/desarrollo.grupomedios.com\/futbol\/wp-json\/wp\/v2\/categories?post=301040"},{"taxonomy":"post_tag","embeddable":true,"href":"http:\/\/desarrollo.grupomedios.com\/futbol\/wp-json\/wp\/v2\/tags?post=301040"}],"curies":[{"name":"wp","href":"https:\/\/api.w.org\/{rel}","templated":true}]}}