{"id":301097,"date":"2015-08-10T17:15:44","date_gmt":"2015-08-10T22:15:44","guid":{"rendered":"http:\/\/futboltotal.com.mx\/?p=301097"},"modified":"2015-08-11T16:56:20","modified_gmt":"2015-08-11T21:56:20","slug":"el-plan-que-jorge-mendes-diseno-para-raul-jimenez","status":"publish","type":"post","link":"http:\/\/desarrollo.grupomedios.com\/futbol\/destacado-home\/el-plan-que-jorge-mendes-diseno-para-raul-jimenez\/2015\/08","title":{"rendered":"El plan que Jorge Mendes dise\u00f1\u00f3 para Ra\u00fal Jim\u00e9nez"},"content":{"rendered":"<p>El destino de <strong>Ra\u00fal Jim\u00e9nez<\/strong> parece estar m\u00e1s que definido. El viernes todo apuntaba a que este curso lo disfrutar\u00eda en la Premier League, pero a las pocas horas de la noticia, el <strong>Benfica<\/strong> se situ\u00f3 al frente para hacer v\u00e1lida la operaci\u00f3n, con un art\u00edfice principal en esta ruptura: <strong>Jorge Mendes<\/strong>.<\/p>\n<p>El agente portugu\u00e9s se mueve en un mundo de influencias y es el representante de futbolistas con m\u00e1s poder el mundo. Su suerte en el futbol no fue tan digna como lo son sus labores para manejar a los artistas de la redonda. Se sabe que en alguna ocasi\u00f3n fich\u00f3 por el Lanheses y propuso no cobrar un salario a cambio de la exclusiva de la publicidad est\u00e1tica del campo. A partir de ah\u00ed comenz\u00f3 su camino de gloria en este mundo tan complicado del futbol.<\/p>\n<p>Mendes es el apoderado de Cristiano Ronaldo, su m\u00e1xima figura en esta suerte de la representaci\u00f3n. Con \u00e9l se abri\u00f3 un camino y posteriormente sigui\u00f3 el mismo trayecto creando l\u00edneas de financiaci\u00f3n entre directivos y futbolistas con los destinos Benfica o Porto, con jugadores sudamericanos como las piezas estelares en la mayor\u00eda de las operaciones (Falcao, Di Mar\u00eda, James, entre otros). Misma suerte planea para Ra\u00fal Jim\u00e9nez (posee el 50% de sus derechos), a quien todo el verano se ha vinculado con alguno de los gigantes del futbol luso.<\/p>\n<p><strong><a href=\"http:\/\/futboltotal.com.mx\/2015\/08\/raul-jimenez-se-alejo-de-west-ham-por-quedarse-dormido\/\">Jim\u00e9nez desminti\u00f3 todos los rumores sobre el porqu\u00e9 se ausent\u00f3 del ex\u00e1men m\u00e9dico con el West Ham<\/a>.<\/strong> No exist\u00eda tal y por lo tanto no se perdi\u00f3 el mismo por quedarse dormido. De hecho, Jorge Mendes llam\u00f3 a una junta de emergencia a la que tambi\u00e9n asisti\u00f3 el pap\u00e1 de Ra\u00fal, en la cual acordaron que aceptar la propuesta del Benfica era lo m\u00e1s viable no solo para este momento de su carrera, tambi\u00e9n para su futuro.<\/p>\n<p>Factores son varios, la grandeza del club, los contactos con los que cuenta en el mismo y lo bien que valorado que es Ra\u00fal Jim\u00e9nez en Portugal. Lo cierto es que el mejor representante del mundo tiene contemplado algo muy grande para el atacante mexicano y el primer paso se dio en la reuni\u00f3n se\u00f1alada.<\/p>\n<p>[video_player]https:\/\/player.vimeo.com\/external\/135693146.hd.mp4?s=7763caf542133ed813a142e8e01763a4&#038;profile_id=113[\/video_player]<\/p>\n","protected":false},"excerpt":{"rendered":"<p>Su agente impidi\u00f3 que se presentara a las pruebas m\u00e9dicas pactadas con West Ham <\/p>\n","protected":false},"author":20,"featured_media":301131,"comment_status":"open","ping_status":"open","sticky":false,"template":"","format":"standard","meta":[],"categories":[5,3844],"tags":[6060,4513,742],"_links":{"self":[{"href":"http:\/\/desarrollo.grupomedios.com\/futbol\/wp-json\/wp\/v2\/posts\/301097"}],"collection":[{"href":"http:\/\/desarrollo.grupomedios.com\/futbol\/wp-json\/wp\/v2\/posts"}],"about":[{"href":"http:\/\/desarrollo.grupomedios.com\/futbol\/wp-json\/wp\/v2\/types\/post"}],"author":[{"embeddable":true,"href":"http:\/\/desarrollo.grupomedios.com\/futbol\/wp-json\/wp\/v2\/users\/20"}],"replies":[{"embeddable":true,"href":"http:\/\/desarrollo.grupomedios.com\/futbol\/wp-json\/wp\/v2\/comments?post=301097"}],"version-history":[{"count":0,"href":"http:\/\/desarrollo.grupomedios.com\/futbol\/wp-json\/wp\/v2\/posts\/301097\/revisions"}],"wp:featuredmedia":[{"embeddable":true,"href":"http:\/\/desarrollo.grupomedios.com\/futbol\/wp-json\/wp\/v2\/media\/301131"}],"wp:attachment":[{"href":"http:\/\/desarrollo.grupomedios.com\/futbol\/wp-json\/wp\/v2\/media?parent=301097"}],"wp:term":[{"taxonomy":"category","embeddable":true,"href":"http:\/\/desarrollo.grupomedios.com\/futbol\/wp-json\/wp\/v2\/categories?post=301097"},{"taxonomy":"post_tag","embeddable":true,"href":"http:\/\/desarrollo.grupomedios.com\/futbol\/wp-json\/wp\/v2\/tags?post=301097"}],"curies":[{"name":"wp","href":"https:\/\/api.w.org\/{rel}","templated":true}]}}