{"id":301101,"date":"2015-08-10T17:03:13","date_gmt":"2015-08-10T22:03:13","guid":{"rendered":"http:\/\/futboltotal.com.mx\/?p=301101"},"modified":"2015-08-10T17:03:13","modified_gmt":"2015-08-10T22:03:13","slug":"el-11-ideal-de-la-jornada-3-de-la-liga-mx","status":"publish","type":"post","link":"http:\/\/desarrollo.grupomedios.com\/futbol\/futbol-mexicano\/el-11-ideal-de-la-jornada-3-de-la-liga-mx\/2015\/08","title":{"rendered":"El 11 ideal de la jornada 3 de la Liga MX"},"content":{"rendered":"<p>Se jug\u00f3 la tercera fecha del <strong>Apertura 2015<\/strong>, que tuvo duelos intenso nivel, volteretas y empates de \u00faltimo minuto, adem\u00e1s de grandes goles y drama en el descenso. Tras la disputa de los juegos de esta jornada, la <strong><a href=\"http:\/\/www.futboltotal.com.mx\/futbol-mexicano\/\" target=\"_blank\">Liga MX<\/a><\/strong> cuenta en la cima de la tabla general, con cuatro equipos que luchan por el descenso, adem\u00e1s de ver el despertar de Am\u00e9rica y Cruz Azul.<\/p>\n<p>Por ello, mientras los cuadros de la <strong>Liga MX<\/strong> se preparan para encarar la doble jornada que les espera esta semana, en <strong>Futbol Total<\/strong> presentamos a los once futbolistas m\u00e1s destacados.<\/p>\n<p><a href=\"http:\/\/futboltotal.com.mx\/wp-content\/uploads\/2015\/08\/ONCE_IDEAL_LIGA_MX-Jornada-3.jpg\"><img decoding=\"async\" loading=\"lazy\" class=\"aligncenter wp-image-301122 size-full\" src=\"http:\/\/futboltotal.com.mx\/wp-content\/uploads\/2015\/08\/ONCE_IDEAL_LIGA_MX-Jornada-3.jpg\" alt=\"ONCE_IDEAL_LIGA_MX-Jornada-3\" srcset=\"http:\/\/desarrollo.grupomedios.com\/futbol\/wp-content\/uploads\/2015\/08\/ONCE_IDEAL_LIGA_MX-Jornada-3.jpg 500w, http:\/\/desarrollo.grupomedios.com\/futbol\/wp-content\/uploads\/2015\/08\/ONCE_IDEAL_LIGA_MX-Jornada-3-237x300.jpg 237w\" sizes=\"(max-width: 500px) 100vw, 500px\" \/><\/a><\/p>\n<p><em>Portero:<\/em><\/p>\n<p><strong>Jonathan Orozco | Monterrey |<\/strong> Su labor en el juego ante Atlas, provoc\u00f3 que los <em>rojinegros<\/em> no pudieran despertar cuando ten\u00edan la oportunidad, y tambi\u00e9n evit\u00f3 que al menos hicieran el gol del honor.<\/p>\n<p><em>Defensas:<\/em><\/p>\n<p><strong>Miguel Samudio | Am\u00e9rica |<\/strong> El lateral de las <em>\u00c1guilas<\/em> supo detener a los veloces y j\u00f3venes futbolistas del Pachuca, adem\u00e1s de borrar del mapa a Jonathan Urretaviscaya, quien no pudo conectarse con Nahuelpan para remediar los errores defensivos de su equipo.<\/p>\n<p><strong>Marco Torsiglieri | Morelia |<\/strong> Una vez m\u00e1s, el zaguero ha comandado una victoria del Morelia, desde la zona defensiva, pero es m\u00e1s notable, que su labor sea imprescindible para que Monarcas a\u00fan no reciba gol en el torneo.<\/p>\n<p><strong>Miguel Mart\u00ednez | Quer\u00e9taro |<\/strong> El central de <em>Gallos<\/em> volvi\u00f3 a tener una actuaci\u00f3n destacada en la Liga MX; lo ha hecho desde el inicio del Apertura 2015, pero en esta ocasi\u00f3n su participaci\u00f3n a la ofensiva logr\u00f3 el tanto con el que Quer\u00e9taro rescat\u00f3 un punto de Sinaloa.<\/p>\n<p><strong>Hibert Ruiz | Morelia |<\/strong> Monarcas se hace m\u00e1s fuerte en cada partido. Si el equipo est\u00e1 en la cima del torneo en este momento, se debe al trabajo de Ruiz en la banda derecha, tanto a la ofensiva como a la defensiva.<\/p>\n<p><em>Medios:<\/em><\/p>\n<p><strong>Juan Pablo Rodr\u00edguez | Morelia |<\/strong> Su experiencia provoca que Monarcas pelee con mayor fuerza por no descender. Su liderazgo y trascendencia en el club se constat\u00f3 tras cobrar el penal con el que lograron la victoria en el <em>infierno<\/em>.<\/p>\n<p><strong>Ra\u00fal L\u00f3pez | Chivas |<\/strong> Tanto <em>Dedos<\/em> como Salcido no tuvieron un buen primer tiempo en el Volc\u00e1n; sin embargo, ambos recompusieron en el complemento y aunque Carlos Salcido no pudo terminar el encuentro, el <em>Dedos<\/em> tuvo la frialdad para cobrar el tiro libre instantes despu\u00e9s de la lesi\u00f3n de su compa\u00f1ero. Su buen cobro permiti\u00f3 que las Chivas despertaran y sacaran el empate en el Universitario.<\/p>\n<p><strong>Fabio Santos | Cruz Azul |<\/strong> Una vez m\u00e1s, el brasile\u00f1o demostr\u00f3 por qu\u00e9 lo contrat\u00f3 la <em>M\u00e1quina<\/em>; pues aporta goles al conjunto celeste, en lo que Sergio Bueno define a su delantera.<\/p>\n<p><em>Delanteros:<\/em><\/p>\n<p><strong>Rogelio Funes Mori | Monterrey |<\/strong> El delantero de <em>Rayados<\/em> se estren\u00f3 como goleador en la Liga MX con doblete ante Atlas. El primero lo hizo tras pase de Pabon, pero en el segundo, mostr\u00f3 su calidad al dejar a un lado al <em>Topo<\/em> Valenzuela y techar a Miguel Pinto.<\/p>\n<p><strong>Oribe Peralta | Am\u00e9rica |<\/strong> El ariete de la <em>\u00c1guilas<\/em> aprovech\u00f3 las ventajas que le dej\u00f3 la defensiva de los <em>Tuzos<\/em>. Su olfato goleador fue oportuno para lograr la primera victoria del Am\u00e9rica en el torneo, adem\u00e1s, defiende a los delanteros mexicanos en la tabla de goleo.<\/p>\n<p><strong>Dayro Moreno | Xolos |<\/strong> En cada encuentro demuestra ser el referente de Tijuana, pero en el partido ante Santos, se dispuso a cobrar un tiro libre cuando el especialista en ellos ya estaba fuera de la cancha, su determinaci\u00f3n y clase le demostr\u00f3 a la afici\u00f3n de Xolos que si Arango no est\u00e1, Dayro tambi\u00e9n es sin\u00f3nimo de gol en un bal\u00f3n parado.<\/p>\n<p>&nbsp;<\/p>\n","protected":false},"excerpt":{"rendered":"<p>Estos fueron los once mejores jugadores de la tercera fecha del Apertura 2015<\/p>\n","protected":false},"author":20,"featured_media":296911,"comment_status":"open","ping_status":"open","sticky":false,"template":"","format":"standard","meta":[],"categories":[2198,3845],"tags":[5623,64],"_links":{"self":[{"href":"http:\/\/desarrollo.grupomedios.com\/futbol\/wp-json\/wp\/v2\/posts\/301101"}],"collection":[{"href":"http:\/\/desarrollo.grupomedios.com\/futbol\/wp-json\/wp\/v2\/posts"}],"about":[{"href":"http:\/\/desarrollo.grupomedios.com\/futbol\/wp-json\/wp\/v2\/types\/post"}],"author":[{"embeddable":true,"href":"http:\/\/desarrollo.grupomedios.com\/futbol\/wp-json\/wp\/v2\/users\/20"}],"replies":[{"embeddable":true,"href":"http:\/\/desarrollo.grupomedios.com\/futbol\/wp-json\/wp\/v2\/comments?post=301101"}],"version-history":[{"count":0,"href":"http:\/\/desarrollo.grupomedios.com\/futbol\/wp-json\/wp\/v2\/posts\/301101\/revisions"}],"wp:featuredmedia":[{"embeddable":true,"href":"http:\/\/desarrollo.grupomedios.com\/futbol\/wp-json\/wp\/v2\/media\/296911"}],"wp:attachment":[{"href":"http:\/\/desarrollo.grupomedios.com\/futbol\/wp-json\/wp\/v2\/media?parent=301101"}],"wp:term":[{"taxonomy":"category","embeddable":true,"href":"http:\/\/desarrollo.grupomedios.com\/futbol\/wp-json\/wp\/v2\/categories?post=301101"},{"taxonomy":"post_tag","embeddable":true,"href":"http:\/\/desarrollo.grupomedios.com\/futbol\/wp-json\/wp\/v2\/tags?post=301101"}],"curies":[{"name":"wp","href":"https:\/\/api.w.org\/{rel}","templated":true}]}}