{"id":301141,"date":"2015-08-10T17:27:03","date_gmt":"2015-08-10T22:27:03","guid":{"rendered":"http:\/\/futboltotal.com.mx\/?p=301141"},"modified":"2015-08-10T17:27:03","modified_gmt":"2015-08-10T22:27:03","slug":"sampaoli-bielsista-de-primera-clase-2","status":"publish","type":"post","link":"http:\/\/desarrollo.grupomedios.com\/futbol\/futbol-mexicano\/sampaoli-bielsista-de-primera-clase-2\/2015\/08","title":{"rendered":"Sampaoli, bielsista de primera clase"},"content":{"rendered":"<p>Cuando el entrenador argentino <strong>Jorge Sampaoli<\/strong> dio sus primeros pasos por los banquillos, en 1996 con el Argentino de Rosario, la figura de su compatriota <strong>Marcelo Bielsa<\/strong> estaba en el horizonte.<\/p>\n<p><strong>Sampaoli<\/strong> admiraba con locura a <strong>Bielsa<\/strong>. Prueba de ello es que en aquella \u00e9poca aprendi\u00f3 de \u00e9l hasta el m\u00e1s m\u00ednimo detalle de una manera muy especial. \u201cTen\u00eda todas sus charlas en cassette y cuando sal\u00eda a correr me gustaba escucharlas\u201d, confes\u00f3 en alg\u00fan momento el ahora t\u00e9cnico de la selecci\u00f3n de Chile.<\/p>\n<p>Ante las contundentes palabras y mucho m\u00e1s por su ideolog\u00eda futbol\u00edstica, <strong>Jorge Sampaoli<\/strong>, quien es candidato para dirigir a la <strong>Selecci\u00f3n Mexicana<\/strong>, muy pronto comenz\u00f3 a tener fama de <em>bielsista<\/em>.<\/p>\n<p>De hecho, hay una an\u00e9cdota que lo corrobora:<\/p>\n<p>En 2007, Nibaldo Jaque, gerente general del O\u2019Higgins chileno recibi\u00f3 un mensaje del entonces presidente del equipo, Roberto Abumohor: \u201cNecesitamos un t\u00e9cnico como Marcelo pero baratito\u201d.<\/p>\n<p>Jaque medit\u00f3 las opciones y poco despu\u00e9s <strong>Sampaoli<\/strong> se convirti\u00f3 en el DT de los <em>Rancag\u00fcinos<\/em>. All\u00ed fue donde lo apodaron el <em>Bielsa del Chachapoal<\/em>, en honor a su \u00eddolo y a la regi\u00f3n <em>andina<\/em>.<\/p>\n<p><strong>Jorge Sampaoli<\/strong> aprendi\u00f3 del <em>Loco<\/em> el estilo de juego ofensivo, la forma meticulosa de estudiar al rival, de motivar a sus pupilos y el esp\u00edritu pasional y conciliador imprescindible en un grupo. Tambi\u00e9n memoriz\u00f3 cada uno de sus movimientos e incluso las gesticulaciones al filo del banquillo.<\/p>\n<p>Tras asumir el cargo como t\u00e9cnico de Chile, las similitudes entre <strong>Jorge Sampaoli<\/strong> y <strong>Marcelo Bielsa<\/strong> comenzaron a ser notadas por\u00a0algunos jugadores de la <em>Roja<\/em>, entre ellos el atacante Juan Valdivia.<\/p>\n<p>\u201c\u00c9l es un entrenador que se parece mucho a <strong>Bielsa<\/strong>, te exige, sabe lo que quiere, sabe sacarle provecho a los jugadores y eso ha quedado demostrado en los equipos que ha estado y ahora en la selecci\u00f3n. Los resultados de su trabajo est\u00e1n a la vista\u201d, expres\u00f3 el <em>Mago<\/em>.<\/p>\n<p>Caprichos de la redonda.\u00a0Tras el aparente desinter\u00e9s de\u00a0<strong>Marcelo Biela<\/strong>\u00a0para tomar las riendas de la <strong>Selecci\u00f3n Mexicana<\/strong>, trasciende\u00a0que\u00a0el nombre del <strong>Jorge Sampaoli<\/strong> ocupa un lugar de privilegio en la lista de candidatos para dirigir al <em>Tri<\/em>.<\/p>\n","protected":false},"excerpt":{"rendered":"<p>\u00a1Que an\u00e9cdota! \u201cNecesitamos un t\u00e9cnico como Marcelo pero baratillo&#8230;\u201d<\/p>\n","protected":false},"author":20,"featured_media":301150,"comment_status":"open","ping_status":"open","sticky":false,"template":"","format":"standard","meta":[],"categories":[2198,3847],"tags":[4520,1173],"_links":{"self":[{"href":"http:\/\/desarrollo.grupomedios.com\/futbol\/wp-json\/wp\/v2\/posts\/301141"}],"collection":[{"href":"http:\/\/desarrollo.grupomedios.com\/futbol\/wp-json\/wp\/v2\/posts"}],"about":[{"href":"http:\/\/desarrollo.grupomedios.com\/futbol\/wp-json\/wp\/v2\/types\/post"}],"author":[{"embeddable":true,"href":"http:\/\/desarrollo.grupomedios.com\/futbol\/wp-json\/wp\/v2\/users\/20"}],"replies":[{"embeddable":true,"href":"http:\/\/desarrollo.grupomedios.com\/futbol\/wp-json\/wp\/v2\/comments?post=301141"}],"version-history":[{"count":0,"href":"http:\/\/desarrollo.grupomedios.com\/futbol\/wp-json\/wp\/v2\/posts\/301141\/revisions"}],"wp:featuredmedia":[{"embeddable":true,"href":"http:\/\/desarrollo.grupomedios.com\/futbol\/wp-json\/wp\/v2\/media\/301150"}],"wp:attachment":[{"href":"http:\/\/desarrollo.grupomedios.com\/futbol\/wp-json\/wp\/v2\/media?parent=301141"}],"wp:term":[{"taxonomy":"category","embeddable":true,"href":"http:\/\/desarrollo.grupomedios.com\/futbol\/wp-json\/wp\/v2\/categories?post=301141"},{"taxonomy":"post_tag","embeddable":true,"href":"http:\/\/desarrollo.grupomedios.com\/futbol\/wp-json\/wp\/v2\/tags?post=301141"}],"curies":[{"name":"wp","href":"https:\/\/api.w.org\/{rel}","templated":true}]}}