{"id":301204,"date":"2015-08-10T19:52:05","date_gmt":"2015-08-11T00:52:05","guid":{"rendered":"http:\/\/futboltotal.com.mx\/?p=301204"},"modified":"2015-08-10T19:52:05","modified_gmt":"2015-08-11T00:52:05","slug":"tecos-5-momentos-brillantes","status":"publish","type":"post","link":"http:\/\/desarrollo.grupomedios.com\/futbol\/futbol-mexicano\/tecos-5-momentos-brillantes\/2015\/08","title":{"rendered":"Tecos, 5 momentos brillantes"},"content":{"rendered":"<p>Luego de un a\u00f1o de no tener futbol, <strong>Tecos<\/strong> anunci\u00f3 su regreso donde <a href=\"http:\/\/futboltotal.com.mx\/2015\/08\/tecos-regresa-al-futbol-mexicano\/\" target=\"_blank\">jugar\u00e1 en la Tercera Divisi\u00f3n<\/a>, y tendr\u00e1 a <strong>Rodrigo <em>Pony<\/em> Ru\u00edz<\/strong> como t\u00e9cnico. En sus m\u00e1s de cuatro d\u00e9cadas de vida, el conjunto jalisciense presume pocos pero gratos recuerdos.<\/p>\n<p><em>La estrella<\/em> | Con solo cuatro derrotas, en la campa\u00f1a 1993-94 V\u00edctor Manuel Vucetich meti\u00f3 al club a Liguilla. Donde se erigi\u00f3 como el rival a vencer. Al Final el conjunto del <em>Rey Midas<\/em> se enfrent\u00f3 a Santos; en la Ida perdieron por la m\u00ednima diferencia, pero en la Vuelta un autogol de Jes\u00fas G\u00f3mez y la anotaci\u00f3n de Osmar Donizete, le dio el triunfo y con ello el campeonato.<\/p>\n<p><em>Grito internacional<\/em> | Luego de vencer al Marath\u00f3n de Honduras, <strong>Tecos<\/strong> se midi\u00f3 con Luis \u00c1ngel Firpo de El Salvador en la Final de la Recopa de la Concacaf, donde Felipe del \u00c1ngel y Agust\u00edn Garc\u00eda hicieron los goles para llevarse el trofeo a casa.<\/p>\n<p><em>Cerca de la gloria<\/em> | En el Clausura 2005, la UAG se qued\u00f3 al borde del t\u00edtulo, pues en la fase regular se ubic\u00f3 cuarta con 29 unidades. En la fiesta grande dejaron fuera a Necaxa, al l\u00edder Morelia, pero en la Final con el 1-1 global, Am\u00e9rica se encarg\u00f3 de exhibir las carencias del cuadro de Daniel Guzm\u00e1n al golearlo 6-3.<\/p>\n<p><em>Contrataci\u00f3n de titanes<\/em> | <strong>Tecos<\/strong> tuvo la particular de traer al futbol mexicano a jugadres que terminaron por dejar huella en el balompi\u00e9 nacional: Mario \u00d3scar Maldonado, Miguel \u00c1ngel Gamboa, Reinaldo Navia y Hugo Droguett, Hugo Horacio Galletti, Daniel Ludue\u00f1a, Hugo Enrique Kiese y Mauro Cejas; Antonio Alzamendi, Jos\u00e9 Luis Salazar, Eduardo Acevedo, Carlos Aguilera, Sebasti\u00e1n Abreu, Marcelo Goncalvez y Osmar Donizette, estos dos \u00faltimos fueron de las figuras en la escuadra que consigui\u00f3 el t\u00edtulo del 94.<\/p>\n<p><em>Generador de leyendas<\/em> | De sus fuerzas b\u00e1sicas salieron futbolistas como: Javier Hern\u00e1ndez <em>(Ch\u00edcharo<\/em> pap\u00e1), Duilio y Flavio Davino, Mauricio Gallaga, Adolfo Bautista, Carlos Briones, Eustacio Rizo y Gilberto Adame.<\/p>\n","protected":false},"excerpt":{"rendered":"<p>El equipo jalisciense regres\u00f3 al futbol mexicano <\/p>\n","protected":false},"author":20,"featured_media":301205,"comment_status":"open","ping_status":"open","sticky":false,"template":"","format":"standard","meta":[],"categories":[2198,3845],"tags":[432,1569],"_links":{"self":[{"href":"http:\/\/desarrollo.grupomedios.com\/futbol\/wp-json\/wp\/v2\/posts\/301204"}],"collection":[{"href":"http:\/\/desarrollo.grupomedios.com\/futbol\/wp-json\/wp\/v2\/posts"}],"about":[{"href":"http:\/\/desarrollo.grupomedios.com\/futbol\/wp-json\/wp\/v2\/types\/post"}],"author":[{"embeddable":true,"href":"http:\/\/desarrollo.grupomedios.com\/futbol\/wp-json\/wp\/v2\/users\/20"}],"replies":[{"embeddable":true,"href":"http:\/\/desarrollo.grupomedios.com\/futbol\/wp-json\/wp\/v2\/comments?post=301204"}],"version-history":[{"count":0,"href":"http:\/\/desarrollo.grupomedios.com\/futbol\/wp-json\/wp\/v2\/posts\/301204\/revisions"}],"wp:featuredmedia":[{"embeddable":true,"href":"http:\/\/desarrollo.grupomedios.com\/futbol\/wp-json\/wp\/v2\/media\/301205"}],"wp:attachment":[{"href":"http:\/\/desarrollo.grupomedios.com\/futbol\/wp-json\/wp\/v2\/media?parent=301204"}],"wp:term":[{"taxonomy":"category","embeddable":true,"href":"http:\/\/desarrollo.grupomedios.com\/futbol\/wp-json\/wp\/v2\/categories?post=301204"},{"taxonomy":"post_tag","embeddable":true,"href":"http:\/\/desarrollo.grupomedios.com\/futbol\/wp-json\/wp\/v2\/tags?post=301204"}],"curies":[{"name":"wp","href":"https:\/\/api.w.org\/{rel}","templated":true}]}}