{"id":301219,"date":"2015-08-12T10:05:58","date_gmt":"2015-08-12T15:05:58","guid":{"rendered":"http:\/\/futboltotal.com.mx\/?p=301219"},"modified":"2015-08-12T11:20:57","modified_gmt":"2015-08-12T16:20:57","slug":"chivas-vs-morelia-a-respirar-o-quemarse","status":"publish","type":"post","link":"http:\/\/desarrollo.grupomedios.com\/futbol\/futbol-mexicano\/chivas-vs-morelia-a-respirar-o-quemarse\/2015\/08","title":{"rendered":"Chivas vs. Morelia | Respirar&#8230; \u00a1O quemarse!"},"content":{"rendered":"<p>Las\u00a0<strong><a href=\"http:\/\/www.futboltotal.com.mx\/equipos\/guadalajara\/\" target=\"_blank\">Chivas<\/a><\/strong><a href=\"http:\/\/www.futboltotal.com.mx\/equipos\/guadalajara\/\" target=\"_blank\"> del<\/a><strong><a href=\"http:\/\/www.futboltotal.com.mx\/equipos\/guadalajara\/\" target=\"_blank\"> Guadalajara<\/a><\/strong> reciben este a noche (20:30 horas)\u00a0a <em>Monarcas<\/em>\u00a0<strong><a href=\"http:\/\/www.futboltotal.com.mx\/equipos\/morelia\/\" target=\"_blank\">Morelia<\/a><\/strong> en el Omnilife, en duelo directo por la permanencia en la<strong> <a href=\"http:\/\/www.futboltotal.com.mx\/futbol-mexicano\/\" target=\"_blank\">Liga MX<\/a><\/strong>. Los <em>rojiblancos<\/em> solo tienen un punto en el <strong>Apertura 2015<\/strong>, mientras que los <em>pur\u00e9pechas<\/em>\u00a0lideran la competencia.<\/p>\n<p>El <em>Reba\u00f1o<\/em>\u00a0agoniza de manera prematura en el Apertura 2015: ocupa el \u00faltimo lugar en la tabla\u00a0general y en la del\u00a0descenso, por lo que es fundamental que ganen este partido, pues tienen enfrente a un rival directo de la lucha por no descender.\u00a0Adem\u00e1s, las\u00a0<strong>Chivas<\/strong> tienen la obligaci\u00f3n\u00a0de cortar una racha de cinco partidos sin ganar en la <strong>Liga MX<\/strong>.<\/p>\n<p>Por su parte, <strong>Morelia<\/strong> lleva paso perfecto en el naciente campa\u00f1a, son l\u00edderes\u00a0del torneo\u00a0y de ganar se comenzar\u00e1 a perfilar como el primer equipo que se salve del abismo del descenso, pues el mal inicio de Pumas en el\u00a0<strong>Apertura 2015<\/strong>, podr\u00eda hacer que los <em>felinos<\/em> intercambien papeles con los michoacanos pr\u00f3ximamente.<\/p>\n<p><em>Cracks<\/em>, \u00bfcu\u00e1l es su pron\u00f3stico para este partido?<\/p>\n<p><span style=\"color: #ff0000;\">\u00a1Bravo! \u00bfBravo?<\/span>\u00a0|\u00a0El delantero <em>rojiblanco<\/em>\u00a0<strong>Omar Bravo<\/strong> no anota desde la \u00faltima victoria de<strong> Chivas<\/strong>; Cuartos de Final del Clausura 2015, contra el Atlas. No obstante, cabe destacar que la \u00faltima vez que hizo un doblete en el balompi\u00e9 <em>azteca<\/em> fue precisamente ante <strong>Morelia<\/strong>, en la \u00faltima jornada del Apertura 2014. El <em>mochiteco<\/em> tendr\u00e1 la dif\u00edcil tarea de reconciliarse con el gol, frente a un cuadro <em>pur\u00e9pecha<\/em> que no quiere volver a los \u00faltimos pelda\u00f1os del descenso.<\/p>\n<p>La importancia de que <strong>Omar Bravo<\/strong> anote en este encuentro ya no solo es para un m\u00e9rito personal, sino para que retorne la confianza en el delantero y en el resto del equipo, en la lucha por no descender, que est\u00e1n perdiendo.<\/p>\n","protected":false},"excerpt":{"rendered":"<p>Chivas y Morelia se encuentran en duelo directo por el no descenso<\/p>\n","protected":false},"author":20,"featured_media":301237,"comment_status":"open","ping_status":"open","sticky":false,"template":"","format":"standard","meta":[],"categories":[2198,3845],"tags":[70,2098,5967],"_links":{"self":[{"href":"http:\/\/desarrollo.grupomedios.com\/futbol\/wp-json\/wp\/v2\/posts\/301219"}],"collection":[{"href":"http:\/\/desarrollo.grupomedios.com\/futbol\/wp-json\/wp\/v2\/posts"}],"about":[{"href":"http:\/\/desarrollo.grupomedios.com\/futbol\/wp-json\/wp\/v2\/types\/post"}],"author":[{"embeddable":true,"href":"http:\/\/desarrollo.grupomedios.com\/futbol\/wp-json\/wp\/v2\/users\/20"}],"replies":[{"embeddable":true,"href":"http:\/\/desarrollo.grupomedios.com\/futbol\/wp-json\/wp\/v2\/comments?post=301219"}],"version-history":[{"count":0,"href":"http:\/\/desarrollo.grupomedios.com\/futbol\/wp-json\/wp\/v2\/posts\/301219\/revisions"}],"wp:featuredmedia":[{"embeddable":true,"href":"http:\/\/desarrollo.grupomedios.com\/futbol\/wp-json\/wp\/v2\/media\/301237"}],"wp:attachment":[{"href":"http:\/\/desarrollo.grupomedios.com\/futbol\/wp-json\/wp\/v2\/media?parent=301219"}],"wp:term":[{"taxonomy":"category","embeddable":true,"href":"http:\/\/desarrollo.grupomedios.com\/futbol\/wp-json\/wp\/v2\/categories?post=301219"},{"taxonomy":"post_tag","embeddable":true,"href":"http:\/\/desarrollo.grupomedios.com\/futbol\/wp-json\/wp\/v2\/tags?post=301219"}],"curies":[{"name":"wp","href":"https:\/\/api.w.org\/{rel}","templated":true}]}}