{"id":301277,"date":"2015-08-11T10:41:01","date_gmt":"2015-08-11T15:41:01","guid":{"rendered":"http:\/\/futboltotal.com.mx\/?p=301277"},"modified":"2015-08-11T10:41:01","modified_gmt":"2015-08-11T15:41:01","slug":"klopp-no-es-opcion-para-suplir-a-bielsa","status":"publish","type":"post","link":"http:\/\/desarrollo.grupomedios.com\/futbol\/futbol-internacional\/klopp-no-es-opcion-para-suplir-a-bielsa\/2015\/08","title":{"rendered":"Klopp no es opci\u00f3n para suplir a Bielsa"},"content":{"rendered":"<p>Tras la renuncia de <strong>Marcelo Bielsa<\/strong> a la direcci\u00f3n t\u00e9cnica del <strong>Olympique de Marsella<\/strong>, el nombre de Zinedine Zidane, Carlos Ancelotti y <strong>J\u00fcrgen Klopp<\/strong> integraron la terna de opciones para ocupar el cargo. <em>Zizou <\/em>qued\u00f3 descartado pues aun dirige al Real Madrid Castilla y este martes le hizo compa\u00f1\u00eda Kloppo, quien rechaz\u00f3 una oferta hace algunas horas.<\/p>\n<p>En Alemania, Marc Kosicke, agente de J\u00fcrgen Klopp, declar\u00f3 que no el conjunto franc\u00e9s contacto para realizar una propuesta formal, pero no hubo forma de concretarla debido a la voluntad del ex timonel del Borussia Dortmund, que al terminar la pasada campa\u00f1a afirm\u00f3: &#8220;No quiero dirigir por ahora, me tomar\u00e9 seis meses de descanso&#8221;. ocupe<\/p>\n<p>&#8220;Marsella mostr\u00f3 un gran inter\u00e9s. Pero para J\u00fcrgen no ha llegado a\u00fan el momento de volver a entrenar&#8221;, Dij\u00f3 Koscike para el diario alem\u00e1n <em>Bild<\/em>.<\/p>\n<p>Seg\u00fan el diario <em>L&#8217;Equipe,<\/em> la negativa de Klopp ha puesto en jaque a la directiva del Olympique de Marsella, cuyo plan emergente es designar un t\u00e9cnico interino mientras concretan el fichaje esperado. Carlo Ancelotti, ex entrenador del Real Madrid, es una opci\u00f3n, pero es complicada toda vez que se someter\u00e1 a una operaci\u00f3n de cervicales y en mayo pasado asegur\u00f3: &#8220;no se cuanto tiempo m ellevr\u00e1 recuperarme. Quiero disfrutar de mis nietos y desacansar un poco&#8221;.<\/p>\n","protected":false},"excerpt":{"rendered":"<p>El alem\u00e1n se mantiene firme en no dirigir hasta dentro de seis meses<\/p>\n","protected":false},"author":20,"featured_media":301289,"comment_status":"open","ping_status":"open","sticky":false,"template":"","format":"standard","meta":[],"categories":[3839,3844],"tags":[2863,1173],"_links":{"self":[{"href":"http:\/\/desarrollo.grupomedios.com\/futbol\/wp-json\/wp\/v2\/posts\/301277"}],"collection":[{"href":"http:\/\/desarrollo.grupomedios.com\/futbol\/wp-json\/wp\/v2\/posts"}],"about":[{"href":"http:\/\/desarrollo.grupomedios.com\/futbol\/wp-json\/wp\/v2\/types\/post"}],"author":[{"embeddable":true,"href":"http:\/\/desarrollo.grupomedios.com\/futbol\/wp-json\/wp\/v2\/users\/20"}],"replies":[{"embeddable":true,"href":"http:\/\/desarrollo.grupomedios.com\/futbol\/wp-json\/wp\/v2\/comments?post=301277"}],"version-history":[{"count":0,"href":"http:\/\/desarrollo.grupomedios.com\/futbol\/wp-json\/wp\/v2\/posts\/301277\/revisions"}],"wp:featuredmedia":[{"embeddable":true,"href":"http:\/\/desarrollo.grupomedios.com\/futbol\/wp-json\/wp\/v2\/media\/301289"}],"wp:attachment":[{"href":"http:\/\/desarrollo.grupomedios.com\/futbol\/wp-json\/wp\/v2\/media?parent=301277"}],"wp:term":[{"taxonomy":"category","embeddable":true,"href":"http:\/\/desarrollo.grupomedios.com\/futbol\/wp-json\/wp\/v2\/categories?post=301277"},{"taxonomy":"post_tag","embeddable":true,"href":"http:\/\/desarrollo.grupomedios.com\/futbol\/wp-json\/wp\/v2\/tags?post=301277"}],"curies":[{"name":"wp","href":"https:\/\/api.w.org\/{rel}","templated":true}]}}