{"id":301345,"date":"2015-08-11T14:03:20","date_gmt":"2015-08-11T19:03:20","guid":{"rendered":"http:\/\/futboltotal.com.mx\/?p=301345"},"modified":"2015-08-11T14:04:37","modified_gmt":"2015-08-11T19:04:37","slug":"barcelona-confirma-que-pedro-exigio-su-salida-del-club","status":"publish","type":"post","link":"http:\/\/desarrollo.grupomedios.com\/futbol\/futbol-internacional\/liga-de-espana\/barcelona-confirma-que-pedro-exigio-su-salida-del-club\/2015\/08","title":{"rendered":"Barcelona confirma que Pedro exigi\u00f3 su salida del club"},"content":{"rendered":"<p>El <strong>ocaso de la etapa de Pedro en el Barcelona<\/strong> para estar a la vuelta de la esquina. El delantero empezar\u00e1 en el banquillo a pesar de la ausencia de Neymar (de baja por paperas). Su puesto en el once de gala estar\u00e1 ocupado por Rafinha a quien Luis Enrique ha dado muchos minutos durante la pretemporada, pero esa no es la noticia m\u00e1s impactante, lo sorpresivo es que Pedro exigi\u00f3 su salida del club. <\/p>\n<p>Pedro reconoci\u00f3 reconocido al director deportivo, Robert Fern\u00e1ndez, que desea cambiar de aires y el Manchester United luce como su futuro destino. <\/p>\n<p><strong>&#8220;Pedro me ha dicho que quiere irse del Bar\u00e7a<\/strong>&#8220;, se\u00f1al\u00f3 Fern\u00e1ndez a <em>beIN Sport<\/em>s antes del encuentro ante el Sevilla. <\/p>\n<p>Son varios los medios en Espa\u00f1a que manejaban la Supercopa de Europa como el \u00faltimo partido que disputar\u00eda Pedro, siendo el Manchester United su pr\u00f3ximo destino<\/p>\n<p>&#8220;La cl\u00e1usula de Pedro no es negociable pero puede ser su \u00faltimo partido&#8221;, abund\u00f3 Fern\u00e1ndez. El delantero blaugrana renov\u00f3 su contrato el pasado mayo con el Barcelona y vio rebajada notablemente su cl\u00e1usula de rescisi\u00f3n, que el club catal\u00e1n fij\u00f3 en 30 millones de euros. <\/p>\n","protected":false},"excerpt":{"rendered":"<p>El canario no forma parte del once inicial en la Supercopa de Europa <\/p>\n","protected":false},"author":20,"featured_media":301356,"comment_status":"open","ping_status":"open","sticky":false,"template":"","format":"standard","meta":[],"categories":[3844],"tags":[5984,43,3396],"_links":{"self":[{"href":"http:\/\/desarrollo.grupomedios.com\/futbol\/wp-json\/wp\/v2\/posts\/301345"}],"collection":[{"href":"http:\/\/desarrollo.grupomedios.com\/futbol\/wp-json\/wp\/v2\/posts"}],"about":[{"href":"http:\/\/desarrollo.grupomedios.com\/futbol\/wp-json\/wp\/v2\/types\/post"}],"author":[{"embeddable":true,"href":"http:\/\/desarrollo.grupomedios.com\/futbol\/wp-json\/wp\/v2\/users\/20"}],"replies":[{"embeddable":true,"href":"http:\/\/desarrollo.grupomedios.com\/futbol\/wp-json\/wp\/v2\/comments?post=301345"}],"version-history":[{"count":0,"href":"http:\/\/desarrollo.grupomedios.com\/futbol\/wp-json\/wp\/v2\/posts\/301345\/revisions"}],"wp:featuredmedia":[{"embeddable":true,"href":"http:\/\/desarrollo.grupomedios.com\/futbol\/wp-json\/wp\/v2\/media\/301356"}],"wp:attachment":[{"href":"http:\/\/desarrollo.grupomedios.com\/futbol\/wp-json\/wp\/v2\/media?parent=301345"}],"wp:term":[{"taxonomy":"category","embeddable":true,"href":"http:\/\/desarrollo.grupomedios.com\/futbol\/wp-json\/wp\/v2\/categories?post=301345"},{"taxonomy":"post_tag","embeddable":true,"href":"http:\/\/desarrollo.grupomedios.com\/futbol\/wp-json\/wp\/v2\/tags?post=301345"}],"curies":[{"name":"wp","href":"https:\/\/api.w.org\/{rel}","templated":true}]}}