{"id":301397,"date":"2015-08-11T16:46:14","date_gmt":"2015-08-11T21:46:14","guid":{"rendered":"http:\/\/futboltotal.com.mx\/?p=301397"},"modified":"2015-08-12T07:38:30","modified_gmt":"2015-08-12T12:38:30","slug":"barcelona-y-sevilla-firman-supercopa-de-records","status":"publish","type":"post","link":"http:\/\/desarrollo.grupomedios.com\/futbol\/destacado-home\/barcelona-y-sevilla-firman-supercopa-de-records\/2015\/08","title":{"rendered":"Barcelona y Sevilla firman Supercopa de r\u00e9cord"},"content":{"rendered":"<p>Hubo futbol en estado puro en el Dinamo Arena. <strong>Barcelona<\/strong> y <strong>Sevilla<\/strong>, los dos monarcas <strong>UEFA<\/strong> del curso anterior, se disputaron la corona de Europa a ultranza. En 120 minutos protagonizaron un choque excitante con un pu\u00f1ado de consecuencias a nivel estad\u00edstico que han hecho de la edici\u00f3n 40 una justa llena de r\u00e9cords.<\/p>\n<p>El primer pasaje imprevisible tuvo como h\u00e9roe a <strong>\u00c9ver Banega<\/strong>, reci\u00e9n desempacado del Newell&#8217;s Old Boys. Un cobro impecable de tiro libre tras 158 segundos de juego lo hizo firmar el gol m\u00e1s r\u00e1pido en las finales de la justa que se disputaron a un solo partido.<\/p>\n<p><strong>Lionel Messi<\/strong> le hizo segunda y consigui\u00f3 firmar, por primera vez en su carrera, un doblete de falta directa en un solo partido y con ello se logr\u00f3 la primera final de Supercopa europea con m\u00e1s de dos goles en los primeros diez minutos del encuentro. El par de dianas le permitieron a la Pulga firmar un \u00e9xodo: llegar a 80 goles e<strong> igualar a Cristiano Ronaldo<\/strong> como el l\u00edder anotador\u00a0 en todas las competiciones europeas.<\/p>\n<p>En el duelo marc\u00f3 tambi\u00e9n <strong>Luis Su\u00e1rez<\/strong>, erigido como el tercer uruguayo en marcar en una disputa por el t\u00edtulo despu\u00e9s de Fernando Morena (1980) y Gustavo Poyet (1998).<\/p>\n<p>En el partido se marcaron nueve tantos y <strong>Konoplyanka<\/strong>, refuero del Sevilla, firm\u00f3 el 4-4 parcial que tron\u00f3 el r\u00e9cord de goles en un duelo de Supercopa de Europa, el cual pertenec\u00eda a PSG y Juventus, que en 1997 firmaron el 1-6 en el Parque de los Pr\u00edncipes.<\/p>\n<p>Tras 90 minutos fren\u00e9ticos llegaron por quinta vez en la \u00e9pica de la justa una final en tiempos extras, con la peculiaridad de que todas se disputaron en el nuevo milenio: 2000, 2005, 2009, 2013 y 2015.<\/p>\n<p><strong>Pedro Rodr\u00edguez<\/strong> dej\u00f3 testigo antes de marcharse al Manchester United. Con el gol marcado en la pr\u00f3rroga, se convirti\u00f3 en el primer futbolista que anota en tiempos extra en dos finales, en toda la historia de las competiciones europeas.<\/p>\n<p>La cuenta la cierran los logros de <strong>Andr\u00e9s Iniesta, Lionel Messi, Daniel Alves<\/strong> y, por supuesto, el <strong>Barcelona<\/strong>. Los dos primeros igualaron en t\u00edtulos (25)\u00a0con los <em>Cul\u00e9s<\/em> al legendario Xavi Hern\u00e1ndez. Por su parte \u00c1lves logr\u00f3 empatar a Arie Haan y Paolo Maldini como los defensas con m\u00e1s t\u00edtulos (9), mientras Barcelona firm\u00f3 un colof\u00f3n apote\u00f3sico: con su quinta Supercopa de Europa alcanza al Mil\u00e1n y se erige como el club m\u00e1s laureado del orbe en el plano internacional. En la vitrina tiene 21 t\u00edtulos que lo acreditan y lo dejan encima del Real Madrid, AC Mil\u00e1n y Al-Ahly.<\/p>\n<p>&nbsp;<\/p>\n<div class=\"expanded-content js-tweet-details-dropdown\"><\/div>\n<p>&nbsp;<\/p>\n","protected":false},"excerpt":{"rendered":"<p>La edici\u00f3n 40 del certamen tiene un cap\u00edtulo insigne en el libro de r\u00e9cords UEFA<\/p>\n","protected":false},"author":20,"featured_media":301430,"comment_status":"open","ping_status":"open","sticky":false,"template":"","format":"standard","meta":[],"categories":[3841,5,3839,3844],"tags":[5984,49,607],"_links":{"self":[{"href":"http:\/\/desarrollo.grupomedios.com\/futbol\/wp-json\/wp\/v2\/posts\/301397"}],"collection":[{"href":"http:\/\/desarrollo.grupomedios.com\/futbol\/wp-json\/wp\/v2\/posts"}],"about":[{"href":"http:\/\/desarrollo.grupomedios.com\/futbol\/wp-json\/wp\/v2\/types\/post"}],"author":[{"embeddable":true,"href":"http:\/\/desarrollo.grupomedios.com\/futbol\/wp-json\/wp\/v2\/users\/20"}],"replies":[{"embeddable":true,"href":"http:\/\/desarrollo.grupomedios.com\/futbol\/wp-json\/wp\/v2\/comments?post=301397"}],"version-history":[{"count":0,"href":"http:\/\/desarrollo.grupomedios.com\/futbol\/wp-json\/wp\/v2\/posts\/301397\/revisions"}],"wp:featuredmedia":[{"embeddable":true,"href":"http:\/\/desarrollo.grupomedios.com\/futbol\/wp-json\/wp\/v2\/media\/301430"}],"wp:attachment":[{"href":"http:\/\/desarrollo.grupomedios.com\/futbol\/wp-json\/wp\/v2\/media?parent=301397"}],"wp:term":[{"taxonomy":"category","embeddable":true,"href":"http:\/\/desarrollo.grupomedios.com\/futbol\/wp-json\/wp\/v2\/categories?post=301397"},{"taxonomy":"post_tag","embeddable":true,"href":"http:\/\/desarrollo.grupomedios.com\/futbol\/wp-json\/wp\/v2\/tags?post=301397"}],"curies":[{"name":"wp","href":"https:\/\/api.w.org\/{rel}","templated":true}]}}