{"id":301408,"date":"2015-08-11T16:06:21","date_gmt":"2015-08-11T21:06:21","guid":{"rendered":"http:\/\/futboltotal.com.mx\/?p=301408"},"modified":"2015-08-11T21:00:38","modified_gmt":"2015-08-12T02:00:38","slug":"matias-vuoso-contradice-a-la-liga-mx","status":"publish","type":"post","link":"http:\/\/desarrollo.grupomedios.com\/futbol\/futbol-mexicano\/matias-vuoso-contradice-a-la-liga-mx\/2015\/08","title":{"rendered":"Mat\u00edas Vuoso contradice a la Liga MX"},"content":{"rendered":"<p>Luego que el presidente de la <strong>Liga MX<\/strong>, <strong>Enrique Bonilla<\/strong>, consider\u00f3 que <strong>Chiapas<\/strong> y Atlas no han saldado su deuda con <strong>Mat\u00edas Vuoso<\/strong>, porque el jugador no sigui\u00f3 el protocolo para casos como \u00e9se; el delantero del Cruz Azul desestim\u00f3 que esto sea as\u00ed y se\u00f1al\u00f3 que tiene documentos que comprueban que hizo los procedimientos requeridos para exigir sus adeudos.<\/p>\n<p>&#8220;Creo que el se\u00f1or Bonilla ni se enter\u00f3, s\u00ed est\u00e1 puesta la controversia, tengo el n\u00famero de expediente, lo puedo mostrar, no tengo problema. Creo que hay que hablar sobre bases, con cosas puntuales, pero es un tema que voy a dejar de hablar&#8221;, indic\u00f3 el <em>Toro<\/em> ante medios de comunicaci\u00f3n.<\/p>\n<p>El pasado lunes, el mandam\u00e1s de la <strong>Liga MX<\/strong>, mencion\u00f3 que <a href=\"http:\/\/futboltotal.com.mx\/2015\/08\/chiapas-pagara-deudas-esta-semana\/\" target=\"_blank\">Jaguares saldar\u00e1 sus deudas el pr\u00f3ximo fin de semana<\/a>. Sobre el caso de <strong>Mat\u00edas Vuoso<\/strong>, Bonilla dijo que el ariete no sigui\u00f3 los protocolos.<\/p>\n<p>\u201cSi se tiene adeudo con \u00e9l, Vuoso ha equivocado el camino, requiere presentar su queja y ser\u00e1 atendido, en el futbol mexicano a diferencia de otras ligas, en M\u00e9xico no se les debe a los jugadores, quiz\u00e1 tardar\u00e1n un par de meses pero cobrar\u00e1n el \u00faltimo peso, Vuoso no ha presentado alguna inconformidad al respecto\u201d, coment\u00f3.<\/p>\n<p>[video_player]https:\/\/player.vimeo.com\/external\/136056895.sd.mp4?s=9bca7e14ec56633b6252fd55b1919b9d&amp;profile_id=112[\/video_player]<\/p>\n","protected":false},"excerpt":{"rendered":"<p>El Toro afirm\u00f3 que s\u00ed sigui\u00f3 el protocolo para exigir el dinero que le debe Chiapas<\/p>\n","protected":false},"author":20,"featured_media":301409,"comment_status":"open","ping_status":"open","sticky":false,"template":"","format":"standard","meta":[],"categories":[2198,3845],"tags":[5964,5962,331],"_links":{"self":[{"href":"http:\/\/desarrollo.grupomedios.com\/futbol\/wp-json\/wp\/v2\/posts\/301408"}],"collection":[{"href":"http:\/\/desarrollo.grupomedios.com\/futbol\/wp-json\/wp\/v2\/posts"}],"about":[{"href":"http:\/\/desarrollo.grupomedios.com\/futbol\/wp-json\/wp\/v2\/types\/post"}],"author":[{"embeddable":true,"href":"http:\/\/desarrollo.grupomedios.com\/futbol\/wp-json\/wp\/v2\/users\/20"}],"replies":[{"embeddable":true,"href":"http:\/\/desarrollo.grupomedios.com\/futbol\/wp-json\/wp\/v2\/comments?post=301408"}],"version-history":[{"count":0,"href":"http:\/\/desarrollo.grupomedios.com\/futbol\/wp-json\/wp\/v2\/posts\/301408\/revisions"}],"wp:featuredmedia":[{"embeddable":true,"href":"http:\/\/desarrollo.grupomedios.com\/futbol\/wp-json\/wp\/v2\/media\/301409"}],"wp:attachment":[{"href":"http:\/\/desarrollo.grupomedios.com\/futbol\/wp-json\/wp\/v2\/media?parent=301408"}],"wp:term":[{"taxonomy":"category","embeddable":true,"href":"http:\/\/desarrollo.grupomedios.com\/futbol\/wp-json\/wp\/v2\/categories?post=301408"},{"taxonomy":"post_tag","embeddable":true,"href":"http:\/\/desarrollo.grupomedios.com\/futbol\/wp-json\/wp\/v2\/tags?post=301408"}],"curies":[{"name":"wp","href":"https:\/\/api.w.org\/{rel}","templated":true}]}}