{"id":301665,"date":"2015-08-12T08:00:46","date_gmt":"2015-08-12T13:00:46","guid":{"rendered":"http:\/\/futboltotal.com.mx\/?p=301665"},"modified":"2015-08-12T13:41:32","modified_gmt":"2015-08-12T18:41:32","slug":"real-madrid-acuerda-renovar-a-ramos","status":"publish","type":"post","link":"http:\/\/desarrollo.grupomedios.com\/futbol\/destacado-home\/real-madrid-acuerda-renovar-a-ramos\/2015\/08","title":{"rendered":"Real Madrid acuerda renovar a Ramos"},"content":{"rendered":"<p><strong>Sergio Ramos<\/strong> seguir\u00e1 en la <em>Casa Blanca.<\/em> Este mi\u00e9rcoles el central y capit\u00e1n del <strong>Real Madrid<\/strong> acept\u00f3 la propuesta de la entidad <em>merengue<\/em> para ampliar su contrato hasta 2020 y percibir un salario anual de 9 millones de euros limpios m\u00e1s bonos por rendimiento.<\/p>\n<p>La ruta de la negocici\u00f3n se traz\u00f3 desde la gira de pretemporada que realiz\u00f3 el Real Madrid por China, sin embargo; pudo cerrarse hasta hoy debido a que el zaguero estaba dispuesto a dejar el Madrid si este no acced\u00eda a darle un salario total de 11 millones de euros limpios. Finalmente ha dado el &#8220;s\u00ed&#8221; y ser\u00e1 el pr\u00f3ximo lunes cuando la renovaci\u00f3n se oficialice.<\/p>\n<p>Ramos, quien ten\u00eda contrato hasta 2017 y cuyo pase cifr\u00f3 el Madrid en 100 mde, firmar\u00e1 una extensi\u00f3n por tres a\u00f1os que le garantizan un ingreso neto de 27 millones de euros, seis menos de los que habr\u00eda ganado si se hubiese marchado al Manchester United, entidad que ten\u00eda gran inter\u00e9s en contar con \u00e9l e incluso realiz\u00f3 una oferta de 40 millones de euros por su traspaso.<\/p>\n<p>Como ten\u00eda previsto el Real Madrid, la firma del contrato tendr\u00e1 lugar el 17 de agosto de este mes, una semana antes de que de inicio el campeonato local. Esta misma semana tambi\u00e9n se definir\u00e1 si el portero David de Gea llega a reforzar el club, seg\u00fan publica la prensa espa\u00f1ola.<\/p>\n<p>[video_player]https:\/\/player.vimeo.com\/external\/136127641.hd.mp4?s=82d836cc6ea14c6ac4e5b04835ca0a05&#038;profile_id=113[\/video_player]<\/p>\n","protected":false},"excerpt":{"rendered":"<p>El capit\u00e1n y defensa central del Madrid ganar\u00e1 9 millones de euros por a\u00f1o <\/p>\n","protected":false},"author":20,"featured_media":301666,"comment_status":"open","ping_status":"open","sticky":false,"template":"","format":"standard","meta":[],"categories":[5,3839,3844],"tags":[5988,6020],"_links":{"self":[{"href":"http:\/\/desarrollo.grupomedios.com\/futbol\/wp-json\/wp\/v2\/posts\/301665"}],"collection":[{"href":"http:\/\/desarrollo.grupomedios.com\/futbol\/wp-json\/wp\/v2\/posts"}],"about":[{"href":"http:\/\/desarrollo.grupomedios.com\/futbol\/wp-json\/wp\/v2\/types\/post"}],"author":[{"embeddable":true,"href":"http:\/\/desarrollo.grupomedios.com\/futbol\/wp-json\/wp\/v2\/users\/20"}],"replies":[{"embeddable":true,"href":"http:\/\/desarrollo.grupomedios.com\/futbol\/wp-json\/wp\/v2\/comments?post=301665"}],"version-history":[{"count":0,"href":"http:\/\/desarrollo.grupomedios.com\/futbol\/wp-json\/wp\/v2\/posts\/301665\/revisions"}],"wp:featuredmedia":[{"embeddable":true,"href":"http:\/\/desarrollo.grupomedios.com\/futbol\/wp-json\/wp\/v2\/media\/301666"}],"wp:attachment":[{"href":"http:\/\/desarrollo.grupomedios.com\/futbol\/wp-json\/wp\/v2\/media?parent=301665"}],"wp:term":[{"taxonomy":"category","embeddable":true,"href":"http:\/\/desarrollo.grupomedios.com\/futbol\/wp-json\/wp\/v2\/categories?post=301665"},{"taxonomy":"post_tag","embeddable":true,"href":"http:\/\/desarrollo.grupomedios.com\/futbol\/wp-json\/wp\/v2\/tags?post=301665"}],"curies":[{"name":"wp","href":"https:\/\/api.w.org\/{rel}","templated":true}]}}