{"id":301764,"date":"2015-08-12T12:40:05","date_gmt":"2015-08-12T17:40:05","guid":{"rendered":"http:\/\/futboltotal.com.mx\/?p=301764"},"modified":"2015-08-12T13:27:12","modified_gmt":"2015-08-12T18:27:12","slug":"achille-emana-jugara-en-el-futbol-espanol","status":"publish","type":"post","link":"http:\/\/desarrollo.grupomedios.com\/futbol\/futbol-mexicano\/achille-emana-jugara-en-el-futbol-espanol\/2015\/08","title":{"rendered":"Achille Eman\u00e1 jugar\u00e1 en el futbol espa\u00f1ol"},"content":{"rendered":"<p>Tras finalizar su periplo en el futbol mexicano, con periodos en Cruz Azul y Atlante, <strong>Achille Emana<\/strong> busc\u00f3 por todas las v\u00edas regresar al futbol espa\u00f1ol y su constancia atrajo los resultados deseados, pues el camerun\u00e9s emprender\u00e1 una nueva  etapa en el balompi\u00e9 ib\u00e9rico. <\/p>\n<blockquote class=\"twitter-tweet\" lang=\"es\">\n<p lang=\"en\" dir=\"ltr\">Benvingut a Tarragona <a href=\"https:\/\/twitter.com\/AchilleEmana\">@AchilleEmana<\/a> <a href=\"http:\/\/t.co\/c06stxUTwl\">pic.twitter.com\/c06stxUTwl<\/a><\/p>\n<p>&mdash; N\u00c0STIC DE TARRAGONA (@NASTICTARRAGONA) <a href=\"https:\/\/twitter.com\/NASTICTARRAGONA\/status\/631441832468193280\">agosto 12, 2015<\/a><\/p><\/blockquote>\n<p><script async src=\"\/\/platform.twitter.com\/widgets.js\" charset=\"utf-8\"><\/script><\/p>\n<p>Achill\u00e9 Eman\u00e1 entren\u00f3 durante semanas y semanas con el N\u00e1stic y logr\u00f3 convencer a Vicente Moreno, estratega del club para comenzar con un proyecto que tiene como primordial objetivo el ascenso a la divisi\u00f3n \u00e9lite de Espa\u00f1a. <\/p>\n<p>Sus destrezas podr\u00e1n ser probadas en el futbol espa\u00f1ol, como ya lo hizo en el pasado. Tres temporadas disfrut\u00f3 con el Betis (2008-2011), una en Primera Divisi\u00f3n y otras dos en la Liga Adelante, tras el descenso de los blanquiverdes a\u00f1os atr\u00e1s. <\/p>\n<p>El camerun\u00e9s tuvo un paso ef\u00edmero por el balompi\u00e9 mexicano con Cruz Azul donde disput\u00f3 10 encuentros en su primer aventura y para el segundo torneo fue borrado, en parte porque una lesi\u00f3n trunc\u00f3 su aventura en la Liga MX. Sus espor\u00e1dicas pinceladas le abrieron un lugar en el Atlante, que con refuerzos de calidad busc\u00f3 regresar a la \u00e9lite, sin embargo, Eman\u00e1 se qued\u00f3 lejos de brillar y tan solo acumul\u00f3 siete encuentros, con dos asistencias y sin goles para unos decepcionantes <em>Potros<\/em>. <\/p>\n<p>[video_player]https:\/\/player.vimeo.com\/external\/136127641.hd.mp4?s=82d836cc6ea14c6ac4e5b04835ca0a05&#038;profile_id=113[\/video_player]<\/p>\n","protected":false},"excerpt":{"rendered":"<p>El camerun\u00e9s tendr\u00e1 una nueva oportunidad en el Viejo Continente<\/p>\n","protected":false},"author":20,"featured_media":301765,"comment_status":"open","ping_status":"open","sticky":false,"template":"","format":"standard","meta":[],"categories":[2198,3845],"tags":[4240,5960],"_links":{"self":[{"href":"http:\/\/desarrollo.grupomedios.com\/futbol\/wp-json\/wp\/v2\/posts\/301764"}],"collection":[{"href":"http:\/\/desarrollo.grupomedios.com\/futbol\/wp-json\/wp\/v2\/posts"}],"about":[{"href":"http:\/\/desarrollo.grupomedios.com\/futbol\/wp-json\/wp\/v2\/types\/post"}],"author":[{"embeddable":true,"href":"http:\/\/desarrollo.grupomedios.com\/futbol\/wp-json\/wp\/v2\/users\/20"}],"replies":[{"embeddable":true,"href":"http:\/\/desarrollo.grupomedios.com\/futbol\/wp-json\/wp\/v2\/comments?post=301764"}],"version-history":[{"count":0,"href":"http:\/\/desarrollo.grupomedios.com\/futbol\/wp-json\/wp\/v2\/posts\/301764\/revisions"}],"wp:featuredmedia":[{"embeddable":true,"href":"http:\/\/desarrollo.grupomedios.com\/futbol\/wp-json\/wp\/v2\/media\/301765"}],"wp:attachment":[{"href":"http:\/\/desarrollo.grupomedios.com\/futbol\/wp-json\/wp\/v2\/media?parent=301764"}],"wp:term":[{"taxonomy":"category","embeddable":true,"href":"http:\/\/desarrollo.grupomedios.com\/futbol\/wp-json\/wp\/v2\/categories?post=301764"},{"taxonomy":"post_tag","embeddable":true,"href":"http:\/\/desarrollo.grupomedios.com\/futbol\/wp-json\/wp\/v2\/tags?post=301764"}],"curies":[{"name":"wp","href":"https:\/\/api.w.org\/{rel}","templated":true}]}}