{"id":301768,"date":"2015-08-12T13:41:52","date_gmt":"2015-08-12T18:41:52","guid":{"rendered":"http:\/\/futboltotal.com.mx\/?p=301768"},"modified":"2015-08-12T13:42:53","modified_gmt":"2015-08-12T18:42:53","slug":"roma-le-quita-el-10-a-francesco-totti","status":"publish","type":"post","link":"http:\/\/desarrollo.grupomedios.com\/futbol\/futbol-internacional\/liga-de-espana\/roma-le-quita-el-10-a-francesco-totti\/2015\/08","title":{"rendered":"La Roma, \u00bfle quita el 10 a Francesco Totti?"},"content":{"rendered":"<p>La <strong>Roma <\/strong>est\u00e1 encendida en lo referente al mercado de fichajes. El cuadro de la capital pretende que est\u00e9 se convierta en su curso de \u00e9xitos y hoy anunci\u00f3 su acuerdo con el atacante Edin Dzeko. Con la compra del bosnio, el ataque de la entidad italiana se perfila como de miedo, pues Salah, Totti y el exCity pondr\u00e1n a sufrir a cualquier defensiva. <\/p>\n<p>Pero no est\u00e1n conformes con sus transacciones y pretenden fichar a la joya brasile\u00f1a de 18 a\u00f1os, Gerson. La Roma ya concret\u00f3 los primeros asuntos para hacerse de sus servicios y vol\u00f3 a Italia para hacerse los ex\u00e1menes m\u00e9dicos de rigor. <\/p>\n<blockquote class=\"twitter-tweet\" lang=\"es\">\n<p lang=\"pt\" dir=\"ltr\">Sala de embarque.. J\u00e1 j\u00e1 partiu It\u00e1lia! \u2708??<\/p>\n<p>&mdash; Gerson Santos (@30GersonSantos) <a href=\"https:\/\/twitter.com\/30GersonSantos\/status\/631510439692775424\">agosto 12, 2015<\/a><\/p><\/blockquote>\n<p><script async src=\"\/\/platform.twitter.com\/widgets.js\" charset=\"utf-8\"><\/script><\/p>\n<p>Horas antes, Gerson subi\u00f3 a su Twitter una imagen posando con la camiseta de la Roma. Lo llamativo fue que la el\u00e1stica que le mandaron contaba con el m\u00edtico 10 de Francesco Totti, algo de lo que hicieron eco los medios italianos, pues <em>Il Capitano<\/em> ha dejado en claro que no pretende a\u00fan colgar los botines. <\/p>\n<blockquote class=\"twitter-tweet\" lang=\"es\">\n<p lang=\"pt\" dir=\"ltr\">Muito obrigado pelo carinho, e feliz pela camisa! Fera demais ?\u26bd? <a href=\"http:\/\/t.co\/VnLHsjGeAu\">pic.twitter.com\/VnLHsjGeAu<\/a><\/p>\n<p>&mdash; Gerson Santos (@30GersonSantos) <a href=\"https:\/\/twitter.com\/30GersonSantos\/status\/631504475501514752\">agosto 12, 2015<\/a><\/p><\/blockquote>\n<p><script async src=\"\/\/platform.twitter.com\/widgets.js\" charset=\"utf-8\"><\/script><\/p>\n<p>El contrato de Gerson podr\u00eda cerrarse en los pr\u00f3ximos d\u00edas, pero con las altas de Dzeko y Salah, las plazas como extracomunitario est\u00e1n copadas, as\u00ed que lo inminente es que el medio ofensivo brasile\u00f1o sea cedido. <strong>Lo que s\u00ed, parece que la Roma tiene grandes esperanzas para el futuro de un joven de solo 18 a\u00f1os<\/strong>. <\/p>\n<p>[video_player]https:\/\/player.vimeo.com\/external\/136127641.hd.mp4?s=82d836cc6ea14c6ac4e5b04835ca0a05&#038;profile_id=113[\/video_player]<\/p>\n","protected":false},"excerpt":{"rendered":"<p>El cuadro italiano tiene casi amarrado a Gerson que ya pos\u00f3 con el n\u00famero m\u00edtico <\/p>\n","protected":false},"author":20,"featured_media":301793,"comment_status":"open","ping_status":"open","sticky":false,"template":"","format":"standard","meta":[],"categories":[5419,3844,3848],"tags":[2619,5681,320],"_links":{"self":[{"href":"http:\/\/desarrollo.grupomedios.com\/futbol\/wp-json\/wp\/v2\/posts\/301768"}],"collection":[{"href":"http:\/\/desarrollo.grupomedios.com\/futbol\/wp-json\/wp\/v2\/posts"}],"about":[{"href":"http:\/\/desarrollo.grupomedios.com\/futbol\/wp-json\/wp\/v2\/types\/post"}],"author":[{"embeddable":true,"href":"http:\/\/desarrollo.grupomedios.com\/futbol\/wp-json\/wp\/v2\/users\/20"}],"replies":[{"embeddable":true,"href":"http:\/\/desarrollo.grupomedios.com\/futbol\/wp-json\/wp\/v2\/comments?post=301768"}],"version-history":[{"count":0,"href":"http:\/\/desarrollo.grupomedios.com\/futbol\/wp-json\/wp\/v2\/posts\/301768\/revisions"}],"wp:featuredmedia":[{"embeddable":true,"href":"http:\/\/desarrollo.grupomedios.com\/futbol\/wp-json\/wp\/v2\/media\/301793"}],"wp:attachment":[{"href":"http:\/\/desarrollo.grupomedios.com\/futbol\/wp-json\/wp\/v2\/media?parent=301768"}],"wp:term":[{"taxonomy":"category","embeddable":true,"href":"http:\/\/desarrollo.grupomedios.com\/futbol\/wp-json\/wp\/v2\/categories?post=301768"},{"taxonomy":"post_tag","embeddable":true,"href":"http:\/\/desarrollo.grupomedios.com\/futbol\/wp-json\/wp\/v2\/tags?post=301768"}],"curies":[{"name":"wp","href":"https:\/\/api.w.org\/{rel}","templated":true}]}}