{"id":301808,"date":"2015-08-12T14:03:18","date_gmt":"2015-08-12T19:03:18","guid":{"rendered":"http:\/\/futboltotal.com.mx\/?p=301808"},"modified":"2015-08-12T14:03:18","modified_gmt":"2015-08-12T19:03:18","slug":"wanchope-renuncia-tras-bronca","status":"publish","type":"post","link":"http:\/\/desarrollo.grupomedios.com\/futbol\/futbol-internacional\/wanchope-renuncia-tras-bronca\/2015\/08","title":{"rendered":"Wanchope renuncia tras bronca"},"content":{"rendered":"<p><strong>Paulo C\u00e9sar Wanchope<\/strong> renunci\u00f3 a su cargo como director t\u00e9cnico de la <strong>selecci\u00f3n de Costa Rica<\/strong>. La postura llega tras difundirse la pelea del entrenador costarricenses con un elemento de seguridad en el estadio Maracan\u00e1, de Panam\u00e1.<\/p>\n<p>\u201cTras una cordial reuni\u00f3n entre <strong>Paulo C\u00e9sar Wanchope<\/strong> con los federativos Jorge Hidalgo y Rodolfo Villalobos, el secretario general Rafael Vargas y el presidente de la Comisi\u00f3n de selecciones, Adri\u00e1n Guti\u00e9rrez, el entrenador decidi\u00f3 dar un paso al costado y dejar la direcci\u00f3n t\u00e9cnica de la selecci\u00f3n nacional&#8221;, inform\u00f3 el organismo en un comunicado.<\/p>\n<p>La renuncia de <strong>Paulo C\u00e9sar Wanchope<\/strong> se da tras el bochornoso incidente que se dio en Panam\u00e1, luego de que la selecci\u00f3n Sub-23 de Costa Rica empatara 0-0 con su similar <em>canalera<\/em>, dentro del Preol\u00edmpico regional.<\/p>\n<p>El timonel, quien observaba el juego desde la tribuna, acab\u00f3 trenzado a golpes con un miembro de la seguridad privada en el estadio Maracan\u00e1.<\/p>\n<p><iframe loading=\"lazy\" src=\"https:\/\/www.youtube.com\/embed\/E9g4SHbeSv8\" frameborder=\"0\" allowfullscreen=\"allowfullscreen\"><\/iframe><\/p>\n<p>De acuerdo con el diario <em>La Naci\u00f3n<\/em>\u00a0de <strong>Costa Rica<\/strong>,\u00a0<b>Paulo C\u00e9sar Wanchope<\/b> intent\u00f3 ingresar al terreno de juego en el estadio Maracan\u00e1, sin embrago, el acceso le fue negado por lo que\u00a0al aventar\u00a0la portezuela alcanz\u00f3 a golpear\u00a0a un menor de edad, la violenta acci\u00f3n del t\u00e9cnico\u00a0provoc\u00f3 la reacci\u00f3n de un presento elemento de seguridad, quien en su intent\u00f3 por frenar al entrenador costarricense\u00a0recibi\u00f3 un pu\u00f1etazo. Despu\u00e9s, se desat\u00f3 la lamentable golpiza.<\/p>\n<p><b>Paulo C\u00e9sar Wanchope<\/b> se convirti\u00f3 en tendencia en Twitter en Panam\u00e1, cuyos usuarios deploraron la actitud del seleccionador <em>tico<\/em>.<\/p>\n","protected":false},"excerpt":{"rendered":"<p>Dej\u00f3 su cargo como t\u00e9cnico de la selecci\u00f3n de Costa Rica<\/p>\n","protected":false},"author":20,"featured_media":301810,"comment_status":"open","ping_status":"open","sticky":false,"template":"","format":"standard","meta":[],"categories":[3839],"tags":[3799,3107,5922],"_links":{"self":[{"href":"http:\/\/desarrollo.grupomedios.com\/futbol\/wp-json\/wp\/v2\/posts\/301808"}],"collection":[{"href":"http:\/\/desarrollo.grupomedios.com\/futbol\/wp-json\/wp\/v2\/posts"}],"about":[{"href":"http:\/\/desarrollo.grupomedios.com\/futbol\/wp-json\/wp\/v2\/types\/post"}],"author":[{"embeddable":true,"href":"http:\/\/desarrollo.grupomedios.com\/futbol\/wp-json\/wp\/v2\/users\/20"}],"replies":[{"embeddable":true,"href":"http:\/\/desarrollo.grupomedios.com\/futbol\/wp-json\/wp\/v2\/comments?post=301808"}],"version-history":[{"count":0,"href":"http:\/\/desarrollo.grupomedios.com\/futbol\/wp-json\/wp\/v2\/posts\/301808\/revisions"}],"wp:featuredmedia":[{"embeddable":true,"href":"http:\/\/desarrollo.grupomedios.com\/futbol\/wp-json\/wp\/v2\/media\/301810"}],"wp:attachment":[{"href":"http:\/\/desarrollo.grupomedios.com\/futbol\/wp-json\/wp\/v2\/media?parent=301808"}],"wp:term":[{"taxonomy":"category","embeddable":true,"href":"http:\/\/desarrollo.grupomedios.com\/futbol\/wp-json\/wp\/v2\/categories?post=301808"},{"taxonomy":"post_tag","embeddable":true,"href":"http:\/\/desarrollo.grupomedios.com\/futbol\/wp-json\/wp\/v2\/tags?post=301808"}],"curies":[{"name":"wp","href":"https:\/\/api.w.org\/{rel}","templated":true}]}}