{"id":302191,"date":"2015-08-13T11:32:47","date_gmt":"2015-08-13T16:32:47","guid":{"rendered":"http:\/\/futboltotal.com.mx\/?p=302191"},"modified":"2015-08-13T13:14:02","modified_gmt":"2015-08-13T18:14:02","slug":"kaka-regresa-a-la-seleccion-de-brasil-2","status":"publish","type":"post","link":"http:\/\/desarrollo.grupomedios.com\/futbol\/futbol-internacional\/kaka-regresa-a-la-seleccion-de-brasil-2\/2015\/08","title":{"rendered":"Kak\u00e1 regresa a la selecci\u00f3n de Brasil"},"content":{"rendered":"<p>Octubre de 2014 fue la \u00faltima vez que la selecci\u00f3n de <strong>Brasil<\/strong> cont\u00f3 con <strong>Ricardo Kak\u00e1<\/strong>, privado de jugar su \u00faltimo mundial hace un a\u00f1o cuando en el banquillo estaba Luiz Felipe Scolari. Pero con Carlos Caetano, <em>Dunga<\/em> al mando, el mediocampista que alguna vez fue Bal\u00f3n de Oro, aun tiene un sitio y regresa para los amistosos ante Costa Rica y Estados Unidos, a disputarse el 5 y 8 de semptiembre, respectivamente.<\/p>\n<p>Para este par de amistosos que son la \u00faltima escala antes de inciar las eliminatorias mundialistas, Dunga no dud\u00f3 en traer a Kak\u00e1 y afirm\u00f3 que es &#8220;un referente del mediocampo&#8221;, independientemente de que ya no milite en Europa y est\u00e9 en la MLS.<\/p>\n<p>El lista de 24 jugadores incluy\u00f3 a Neymar, quien aun acarrea una sanci\u00f3n tras el \u00faltimo incidente que protagoniz\u00f3 en Copa Am\u00e9rica tras agredir al colombiano Pablo Armero, y a las incorporaciones de Lucas Lima y Allison, arquero del Inter de Porto Alegre.<\/p>\n<p>En la convocatria destaca las ausencias de los defensas Marcelo y Thiago Silva, as\u00ed como los regresos de Luiz Gustavo, Oscar y Danilo.<\/p>\n<p><strong>Lista de convocados de Brasil<\/strong><\/p>\n<p><strong>Porteros:<\/strong> Jefferson, Marcelo Grohe\u00a0 y Alisson.<\/p>\n<p><strong>Defensas:<\/strong> Daniel Alves, Danilo, Filipe Lu\u00ed, Douglas Santo, David Luiz, Marquinhos, Miranda, Gabriel Paulista.<\/p>\n<p><strong>Centrocampistas:<\/strong> Luiz Gustavo, Fernandinho, Ramires, Oscar, Willian, Elias, Lucas Lima, Kak\u00e1, Lucas Moura y Douglas Costa.<\/p>\n<p><strong>Delanteros:<\/strong> Neymar, Hulk, Roberto Firmino.<\/p>\n<p>[video_player]https:\/\/player.vimeo.com\/external\/136144753.hd.mp4?s=5d53283ccf9121abb7736429d2c685ef&#038;profile_id=113[\/video_player]<\/p>\n","protected":false},"excerpt":{"rendered":"<p>El medicoampista lidera la convocatoria de Dunga en la que tambi\u00e9n figura Neymar<\/p>\n","protected":false},"author":20,"featured_media":302197,"comment_status":"open","ping_status":"open","sticky":false,"template":"","format":"standard","meta":[],"categories":[3839,3844],"tags":[6009,361,211,6001],"_links":{"self":[{"href":"http:\/\/desarrollo.grupomedios.com\/futbol\/wp-json\/wp\/v2\/posts\/302191"}],"collection":[{"href":"http:\/\/desarrollo.grupomedios.com\/futbol\/wp-json\/wp\/v2\/posts"}],"about":[{"href":"http:\/\/desarrollo.grupomedios.com\/futbol\/wp-json\/wp\/v2\/types\/post"}],"author":[{"embeddable":true,"href":"http:\/\/desarrollo.grupomedios.com\/futbol\/wp-json\/wp\/v2\/users\/20"}],"replies":[{"embeddable":true,"href":"http:\/\/desarrollo.grupomedios.com\/futbol\/wp-json\/wp\/v2\/comments?post=302191"}],"version-history":[{"count":0,"href":"http:\/\/desarrollo.grupomedios.com\/futbol\/wp-json\/wp\/v2\/posts\/302191\/revisions"}],"wp:featuredmedia":[{"embeddable":true,"href":"http:\/\/desarrollo.grupomedios.com\/futbol\/wp-json\/wp\/v2\/media\/302197"}],"wp:attachment":[{"href":"http:\/\/desarrollo.grupomedios.com\/futbol\/wp-json\/wp\/v2\/media?parent=302191"}],"wp:term":[{"taxonomy":"category","embeddable":true,"href":"http:\/\/desarrollo.grupomedios.com\/futbol\/wp-json\/wp\/v2\/categories?post=302191"},{"taxonomy":"post_tag","embeddable":true,"href":"http:\/\/desarrollo.grupomedios.com\/futbol\/wp-json\/wp\/v2\/tags?post=302191"}],"curies":[{"name":"wp","href":"https:\/\/api.w.org\/{rel}","templated":true}]}}