{"id":302293,"date":"2015-08-13T17:10:12","date_gmt":"2015-08-13T22:10:12","guid":{"rendered":"http:\/\/futboltotal.com.mx\/?p=302293"},"modified":"2015-08-13T17:11:21","modified_gmt":"2015-08-13T22:11:21","slug":"canelo-peleara-ante-cotto-el-21-de-noviembre","status":"publish","type":"post","link":"http:\/\/desarrollo.grupomedios.com\/futbol\/no-todo-es-futbol\/canelo-peleara-ante-cotto-el-21-de-noviembre\/2015\/08","title":{"rendered":"Canelo pelear\u00e1 ante Cotto el 21 de noviembre"},"content":{"rendered":"<p>Este jueves se dio a conocer que el boxeador puertorrique\u00f1o <strong>Miguel Cotto<\/strong> y el pugilista mexicano <strong>Sa\u00fal Canelo \u00c1lvarez<\/strong> sostendr\u00e1n un combate por el cetro de peso mediano del Consejo Mundial de Boxeo (CMB) el pr\u00f3ximo <strong>21 de noviembre<\/strong>.<\/p>\n<p>La cita ser\u00e1 en el Mandalay Bay de Las Vegas, Nevada, donde el <em>boricua<\/em> (r\u00e9cord: 40-4, 33 noc\u00e1uts) expondr\u00e1 su cintur\u00f3n en 12 asaltos frente al <em>Canelo<\/em>, exdoble campe\u00f3n mundial superwelter (r\u00e9cord: 45-1-1, 32 noc\u00e1uts).<\/p>\n<p>\u201cVoy a darle a los fan\u00e1ticos la pelea que quieren ver. Como siempre he dicho durante toda mi carrera, estoy aqu\u00ed para pelear contra los mejores nombres. \u00c9ste ser\u00e1 un nuevo cap\u00edtulo en mi carrera y voy a estar listo para \u00e9l. Los aficionados podr\u00e1n disfrutar de una pelea de verdad\u201d, anticip\u00f3 <strong>Miguel Cotto<\/strong>.<\/p>\n<p>\u201cLas grandes peleas se han realizado porque el aficionado las reclama o porque las circunstancias as\u00ed lo determinan. Este combate contra <strong>Cotto<\/strong> es una de esas que el fan\u00e1tico ha estado pidiendo a gritos desde hace tiempo y ya es una realidad\u201d, apunt\u00f3 el <em>Canelo<\/em> \u00c1lvarez.<\/p>\n<blockquote class=\"twitter-tweet\" lang=\"es\">\n<p dir=\"ltr\" lang=\"en\">\u203c\ufe0f\u203c\ufe0f\u203c\ufe0f\u203c\ufe0f Wait no more! <a href=\"https:\/\/twitter.com\/hashtag\/CottoCanelo?src=hash\">#CottoCanelo<\/a> is official \u203c\ufe0f November 21 at <a href=\"https:\/\/twitter.com\/MandalayBay\">@MandalayBay<\/a> in Las Vegas LIVE on <a href=\"https:\/\/twitter.com\/HBO\">@HBO<\/a> PPV <a href=\"http:\/\/t.co\/98TEeR6L6o\">pic.twitter.com\/98TEeR6L6o<\/a><\/p>\n<p>\u2014 GoldenBoyPromotions (@GoldenBoyBoxing) <a href=\"https:\/\/twitter.com\/GoldenBoyBoxing\/status\/631868338138824704\">agosto 13, 2015<\/a><\/p><\/blockquote>\n<p><script src=\"\/\/platform.twitter.com\/widgets.js\" async=\"\" charset=\"utf-8\"><\/script><\/p>\n<p>Entorno al pleito, se dice que tanto el <em>Canelo<\/em> como <strong>Miguel\u00a0Cotto<\/strong> buscar\u00e1n devolver la luz que perdi\u00f3 el boxeo luego de la deslucida demostraci\u00f3n de Floyd Mayweather Jr. y Manny Pacquiao el pasado 2 de mayo.<\/p>\n","protected":false},"excerpt":{"rendered":"<p>En juego, el cetro de peso mediano del CMB<\/p>\n","protected":false},"author":20,"featured_media":302295,"comment_status":"open","ping_status":"open","sticky":false,"template":"","format":"standard","meta":[],"categories":[5419,5418],"tags":[5935,5934,5771],"_links":{"self":[{"href":"http:\/\/desarrollo.grupomedios.com\/futbol\/wp-json\/wp\/v2\/posts\/302293"}],"collection":[{"href":"http:\/\/desarrollo.grupomedios.com\/futbol\/wp-json\/wp\/v2\/posts"}],"about":[{"href":"http:\/\/desarrollo.grupomedios.com\/futbol\/wp-json\/wp\/v2\/types\/post"}],"author":[{"embeddable":true,"href":"http:\/\/desarrollo.grupomedios.com\/futbol\/wp-json\/wp\/v2\/users\/20"}],"replies":[{"embeddable":true,"href":"http:\/\/desarrollo.grupomedios.com\/futbol\/wp-json\/wp\/v2\/comments?post=302293"}],"version-history":[{"count":0,"href":"http:\/\/desarrollo.grupomedios.com\/futbol\/wp-json\/wp\/v2\/posts\/302293\/revisions"}],"wp:featuredmedia":[{"embeddable":true,"href":"http:\/\/desarrollo.grupomedios.com\/futbol\/wp-json\/wp\/v2\/media\/302295"}],"wp:attachment":[{"href":"http:\/\/desarrollo.grupomedios.com\/futbol\/wp-json\/wp\/v2\/media?parent=302293"}],"wp:term":[{"taxonomy":"category","embeddable":true,"href":"http:\/\/desarrollo.grupomedios.com\/futbol\/wp-json\/wp\/v2\/categories?post=302293"},{"taxonomy":"post_tag","embeddable":true,"href":"http:\/\/desarrollo.grupomedios.com\/futbol\/wp-json\/wp\/v2\/tags?post=302293"}],"curies":[{"name":"wp","href":"https:\/\/api.w.org\/{rel}","templated":true}]}}