{"id":302326,"date":"2015-08-13T19:58:12","date_gmt":"2015-08-14T00:58:12","guid":{"rendered":"http:\/\/futboltotal.com.mx\/?p=302326"},"modified":"2015-08-13T19:59:05","modified_gmt":"2015-08-14T00:59:05","slug":"ninos-recrearon-polemicos-momentos-del-futbol","status":"publish","type":"post","link":"http:\/\/desarrollo.grupomedios.com\/futbol\/galerias\/ninos-recrearon-polemicos-momentos-del-futbol\/2015\/08","title":{"rendered":"Ni\u00f1os recrean pol\u00e9micos momentos del futbol"},"content":{"rendered":"<p>El proyecto titulado <strong>Bad Boys FC<\/strong> (<em>Chicos Malos FC<\/em>) recrea momentos pol\u00e9micos del futbol con ni\u00f1os. Los directores creativos Darren Urquhart y Tom Smith, con la colaboraci\u00f3n del fot\u00f3grafo George Logan, cuestionan los ejemplos que los jugadores brindan a la ni\u00f1ez.<\/p>\n<p>Desde la <em>Mano de Dios<\/em> de Diego Armando Maradona, pasando por la patada de Erick Cantona e incluso la mordida de Luis Su\u00e1rez a Branislav Ivanovic, el proyecto <strong>Bad Boys FC<\/strong> plantea y cuestiona qu\u00e9 repercusi\u00f3n tiene las malas acciones de los futbolistas en los ni\u00f1os.<\/p>\n<div id=\"gallery9VK\" style=\"display:none;\"><img alt=\"La celebraci\u00f3n de Mario Balotelli con el Manchester City en el 2012. (Bad Boys FC)\" src=\"http:\/\/desarrollo.grupomedios.com\/futbol\/wp-content\/uploads\/2015\/08\/BAD_BOYS_FC.jpg\" data-image=\"http:\/\/desarrollo.grupomedios.com\/futbol\/wp-content\/uploads\/2015\/08\/BAD_BOYS_FC.jpg\" data-description=\"BAD_BOYS_FC\"><img alt=\"La 'Mano de Dios' de Diego Armando Maradona ante Inglaterra en el Mundial M\u00e9xico 86. (Bad Boys FC)\" src=\"http:\/\/desarrollo.grupomedios.com\/futbol\/wp-content\/uploads\/2015\/08\/BAD_BOYS_FC2.jpg\" data-image=\"http:\/\/desarrollo.grupomedios.com\/futbol\/wp-content\/uploads\/2015\/08\/BAD_BOYS_FC2.jpg\" data-description=\"BAD_BOYS_FC2\"><img alt=\"El cabezazo de Zidane Zidane a Marco Materazzi en la Final de la Copa del Mundo 2006. (Bad Boys FC)\" src=\"http:\/\/desarrollo.grupomedios.com\/futbol\/wp-content\/uploads\/2015\/08\/BAD_BOYS_FC3.jpg\" data-image=\"http:\/\/desarrollo.grupomedios.com\/futbol\/wp-content\/uploads\/2015\/08\/BAD_BOYS_FC3.jpg\" data-description=\"BAD_BOYS_FC3\"><img alt=\"Mordida de Luis Su\u00e1rez a Branislav Ivanovic en un Liverpool contra Chelsea de 2013. (Bad Boys FC)\" src=\"http:\/\/desarrollo.grupomedios.com\/futbol\/wp-content\/uploads\/2015\/08\/BAD_BOYS_FC4.jpg\" data-image=\"http:\/\/desarrollo.grupomedios.com\/futbol\/wp-content\/uploads\/2015\/08\/BAD_BOYS_FC4.jpg\" data-description=\"BAD_BOYS_FC4\"><img alt=\"Patada voladora de Eric Cantona a un aficionado en 1995. (Bad Boys FC)\" src=\"http:\/\/desarrollo.grupomedios.com\/futbol\/wp-content\/uploads\/2015\/08\/BAD_BOYS_FC5.jpg\" data-image=\"http:\/\/desarrollo.grupomedios.com\/futbol\/wp-content\/uploads\/2015\/08\/BAD_BOYS_FC5.jpg\" data-description=\"BAD_BOYS_FC5\"><img alt=\"Empujando al juez. Acci\u00f3n de Paolo di Canio en 1998. (Bad Boys FC)\" src=\"http:\/\/desarrollo.grupomedios.com\/futbol\/wp-content\/uploads\/2015\/08\/BAD_BOYS_FC6.jpg\" data-image=\"http:\/\/desarrollo.grupomedios.com\/futbol\/wp-content\/uploads\/2015\/08\/BAD_BOYS_FC6.jpg\" data-description=\"BAD_BOYS_FC6\"><img alt=\"\u00a1Fallaste el penal! Martin Keown a Ruud van Nistelrooy en 2003. (Bad Boys FC)\" src=\"http:\/\/desarrollo.grupomedios.com\/futbol\/wp-content\/uploads\/2015\/08\/BAD_BOYS_FC7.jpg\" data-image=\"http:\/\/desarrollo.grupomedios.com\/futbol\/wp-content\/uploads\/2015\/08\/BAD_BOYS_FC7.jpg\" data-description=\"BAD_BOYS_FC7\"><img alt=\"La silla del dentista. Paul Gascoigne en la Eurocopa de 1996. (Bad Boys FC)\" src=\"http:\/\/desarrollo.grupomedios.com\/futbol\/wp-content\/uploads\/2015\/08\/BAD_BOYS_FC8.jpg\" data-image=\"http:\/\/desarrollo.grupomedios.com\/futbol\/wp-content\/uploads\/2015\/08\/BAD_BOYS_FC8.jpg\" data-description=\"BAD_BOYS_FC8\"><img alt=\"La patadita de David Beckham al Cholo Simeone en en el Mundial de Francia 98. (Bad Boys FC)\" src=\"http:\/\/desarrollo.grupomedios.com\/futbol\/wp-content\/uploads\/2015\/08\/BAD_BOYS_FC9.jpg\" data-image=\"http:\/\/desarrollo.grupomedios.com\/futbol\/wp-content\/uploads\/2015\/08\/BAD_BOYS_FC9.jpg\" data-description=\"BAD_BOYS_FC9\"><\/div>\n        <script>\n        \/\/galeria 1\n        jQuery(document).ready(function(){ \n            var api;\n            api = jQuery(\"#gallery9VK\").unitegallery({\n                carousel_autoplay: false\n            }); \n        });\n        <\/script>\n        \n<p>El fin es generar conciencia sobre la influencia que podr\u00edan tener los <strong>chicos malos del futbol <\/strong>en los peque\u00f1os seguidores del deporte m\u00e1s hermoso del mundo. Y es que en esta \u00e9poca el balompi\u00e9 parece estar m\u00e1s dirigido hacia salarios millonarios y un estilo de vida de celebridades para los futbolistas, en lugar de esforzarse por forjar buenos ejemplos a seguir para la ni\u00f1ez.<\/p>\n","protected":false},"excerpt":{"rendered":"<p>El proyecto cuestiona los ejemplos que los jugadores brindan a la ni\u00f1ez<\/p>\n","protected":false},"author":20,"featured_media":302327,"comment_status":"open","ping_status":"open","sticky":false,"template":"","format":"standard","meta":[],"categories":[3839,3,3844,3846,3848],"tags":[3107],"_links":{"self":[{"href":"http:\/\/desarrollo.grupomedios.com\/futbol\/wp-json\/wp\/v2\/posts\/302326"}],"collection":[{"href":"http:\/\/desarrollo.grupomedios.com\/futbol\/wp-json\/wp\/v2\/posts"}],"about":[{"href":"http:\/\/desarrollo.grupomedios.com\/futbol\/wp-json\/wp\/v2\/types\/post"}],"author":[{"embeddable":true,"href":"http:\/\/desarrollo.grupomedios.com\/futbol\/wp-json\/wp\/v2\/users\/20"}],"replies":[{"embeddable":true,"href":"http:\/\/desarrollo.grupomedios.com\/futbol\/wp-json\/wp\/v2\/comments?post=302326"}],"version-history":[{"count":0,"href":"http:\/\/desarrollo.grupomedios.com\/futbol\/wp-json\/wp\/v2\/posts\/302326\/revisions"}],"wp:featuredmedia":[{"embeddable":true,"href":"http:\/\/desarrollo.grupomedios.com\/futbol\/wp-json\/wp\/v2\/media\/302327"}],"wp:attachment":[{"href":"http:\/\/desarrollo.grupomedios.com\/futbol\/wp-json\/wp\/v2\/media?parent=302326"}],"wp:term":[{"taxonomy":"category","embeddable":true,"href":"http:\/\/desarrollo.grupomedios.com\/futbol\/wp-json\/wp\/v2\/categories?post=302326"},{"taxonomy":"post_tag","embeddable":true,"href":"http:\/\/desarrollo.grupomedios.com\/futbol\/wp-json\/wp\/v2\/tags?post=302326"}],"curies":[{"name":"wp","href":"https:\/\/api.w.org\/{rel}","templated":true}]}}