{"id":302370,"date":"2015-08-14T11:45:43","date_gmt":"2015-08-14T16:45:43","guid":{"rendered":"http:\/\/futboltotal.com.mx\/?p=302370"},"modified":"2015-08-14T11:46:58","modified_gmt":"2015-08-14T16:46:58","slug":"ultima-oferta-del-united-por-muller","status":"publish","type":"post","link":"http:\/\/desarrollo.grupomedios.com\/futbol\/futbol-internacional\/ultima-oferta-del-united-por-muller\/2015\/08","title":{"rendered":"United lanza \u00faltima oferta por M\u00fcller"},"content":{"rendered":"<p>El<strong> Manchester United<\/strong> busca a contrarreloj su sexto y \u00faltimo fichaje de la temporada. <strong>Thomas M\u00fcller<\/strong>, delantero del <strong>Bayern M\u00fanich<\/strong>, colocado hace poco m\u00e1s de un mes en la \u00f3rbita del club, puede llegar a Old Trafford.<\/p>\n<p>Aunque el nombre de <strong>Pedro Rodr\u00edguez<\/strong> es el que m\u00e1s suena para reforzarlos en este mercado de verano, desde Alemania afirman que M\u00fcller, quien tiene contrato hasta el verano del 2019, es objetivo de los <em>Diablos <\/em>e incluso hay emisarios del United en M\u00fanich para concretar su traspaso.<\/p>\n<p>El United pregunt\u00f3 por M\u00fcller hace algunas semanas y entonces ofreci\u00f3 una cifra de casi 50 millones de euros, mismos que habr\u00eda rechazado el Bayern. Ahora que la operaci\u00f3n por Pedro Rodr\u00edgue zno se ha concretado del club, los ingleses contemplan como alternativa al internacional alem\u00e1n y la cifra m\u00e1xima que est\u00e1n dispuesto a pagar por sus servicios es de 70 millones de euros, seg\u00fan informa el diario alem\u00e1n <em>Kicker.<\/em><\/p>\n<p>A principios de julio, M\u00fcller se vio involucrado en un pleito con el estratega, Josep Guardiola, en el entrenamiento del Bayer M\u00fanich. Al alem\u00e1n no le gust\u00f3 la estrategia que plante\u00f3 el catal\u00e1n por lo que no dud\u00f3 en maldecirlo, aunque despu\u00e9s pidi\u00f3 disculpas.<\/p>\n<p>Ante esta pol\u00e9mica situaci\u00f3n M\u00fcller fue castigado y la relaci\u00f3n entre el jugador y entrenador no es la mejor. El nuevo planteamiento de <a href=\"http:\/\/futboltotal.com.mx\/2015\/08\/polemico-discurso-de-guardiola-al-bayern-munich\/\">Guardiola <\/a>con cero tolerancia y no escuchar opiniones de sus pupilos, no es bien visto por M\u00fcller, por lo que el rotativo no descarta que sea el propio delantero quien pida le permitan cambiar de club.<\/p>\n","protected":false},"excerpt":{"rendered":"<p>El delantero alem\u00e1n podr\u00eda dejar el Bayern M\u00fanich y aterrizar en Old Trafford<\/p>\n","protected":false},"author":20,"featured_media":302380,"comment_status":"open","ping_status":"open","sticky":false,"template":"","format":"standard","meta":[],"categories":[3839,3844,3846],"tags":[2056,43,5792],"_links":{"self":[{"href":"http:\/\/desarrollo.grupomedios.com\/futbol\/wp-json\/wp\/v2\/posts\/302370"}],"collection":[{"href":"http:\/\/desarrollo.grupomedios.com\/futbol\/wp-json\/wp\/v2\/posts"}],"about":[{"href":"http:\/\/desarrollo.grupomedios.com\/futbol\/wp-json\/wp\/v2\/types\/post"}],"author":[{"embeddable":true,"href":"http:\/\/desarrollo.grupomedios.com\/futbol\/wp-json\/wp\/v2\/users\/20"}],"replies":[{"embeddable":true,"href":"http:\/\/desarrollo.grupomedios.com\/futbol\/wp-json\/wp\/v2\/comments?post=302370"}],"version-history":[{"count":0,"href":"http:\/\/desarrollo.grupomedios.com\/futbol\/wp-json\/wp\/v2\/posts\/302370\/revisions"}],"wp:featuredmedia":[{"embeddable":true,"href":"http:\/\/desarrollo.grupomedios.com\/futbol\/wp-json\/wp\/v2\/media\/302380"}],"wp:attachment":[{"href":"http:\/\/desarrollo.grupomedios.com\/futbol\/wp-json\/wp\/v2\/media?parent=302370"}],"wp:term":[{"taxonomy":"category","embeddable":true,"href":"http:\/\/desarrollo.grupomedios.com\/futbol\/wp-json\/wp\/v2\/categories?post=302370"},{"taxonomy":"post_tag","embeddable":true,"href":"http:\/\/desarrollo.grupomedios.com\/futbol\/wp-json\/wp\/v2\/tags?post=302370"}],"curies":[{"name":"wp","href":"https:\/\/api.w.org\/{rel}","templated":true}]}}