{"id":302496,"date":"2015-08-14T16:28:29","date_gmt":"2015-08-14T21:28:29","guid":{"rendered":"http:\/\/futboltotal.com.mx\/?p=302496"},"modified":"2015-08-14T16:30:44","modified_gmt":"2015-08-14T21:30:44","slug":"jurgen-damm-admite-tener-cansancio","status":"publish","type":"post","link":"http:\/\/desarrollo.grupomedios.com\/futbol\/futbol-mexicano\/jurgen-damm-admite-tener-cansancio\/2015\/08","title":{"rendered":"Jurgen Damm admite tener cansancio"},"content":{"rendered":"<p>El futbolista de <strong><a href=\"http:\/\/www.futboltotal.com.mx\/equipos\/tigres\/\" target=\"_blank\">Tigres<\/a><\/strong>, <strong>Jurgen Damm<\/strong>, reconoce que no est\u00e1 en el mejor nivel y eso se debe al cansancio, debido a que ha sido expuesto a muchos partidos y viajes.<\/p>\n<p>Los malos resultados que ha tenido <strong>Tigres<\/strong> en las \u00faltimas semanas, encienden la preocupaci\u00f3n en la afici\u00f3n felina, pues dentro de esa racha negativa, el fichaje bomba del Draft de la <strong><a href=\"http:\/\/www.futboltotal.com.mx\/futbol-mexicano\/\" target=\"_blank\">Liga MX<\/a><\/strong> 2015, <strong>Jurgen Damm<\/strong>, no ha mostrado su mejor nivel a\u00fan.<\/p>\n<p>&#8220;En principio en la Libertadores me sent\u00ed bien, luego vinieron partidos seguidos, tambi\u00e9n el cansancio me ha pegado, lo he hablado con el Profe, me he sentido en algunos aspectos un poco cansado y creo que eso afecta mi rendimiento&#8221;, se\u00f1al\u00f3 <strong>Jurgen Damm<\/strong>.<\/p>\n<p>El mediocampista <em>felino<\/em>, dijo que a pesar de la fatiga que siente, est\u00e1 dispuesto a responder a lo que le exija su t\u00e9cnico y la misma afici\u00f3n, pues est\u00e1 deseoso de darle alegr\u00edas a los seguidores de <strong>Tigres<\/strong>.<\/p>\n<p>&#8220;Yo estoy agradecido por la confianza y quiero responder en el campo, ma\u00f1ana es un buen partido para demostrar, regresar a lo que ven\u00eda haciendo y poder ser un jugador importante para ganar los partidos&#8221;, sentenci\u00f3 <strong>Jurgen Damm<\/strong>.<\/p>\n<p><strong>Tigres<\/strong> recibir\u00e1 a Chiapas este s\u00e1bado 15 de agosto a las 19:00 horas en el Universitario de Nuevo Le\u00f3n, en busca de cortar una racha de seis partidos sin ganar, entre <strong>Liga MX<\/strong> y <strong>Copa Libertadores<\/strong>.<\/p>\n","protected":false},"excerpt":{"rendered":"<p>Afirma que su nivel no es el mejor, debido a exceso de partidos.<\/p>\n","protected":false},"author":20,"featured_media":302510,"comment_status":"open","ping_status":"open","sticky":false,"template":"","format":"standard","meta":[],"categories":[2198,3845],"tags":[1916,5973],"_links":{"self":[{"href":"http:\/\/desarrollo.grupomedios.com\/futbol\/wp-json\/wp\/v2\/posts\/302496"}],"collection":[{"href":"http:\/\/desarrollo.grupomedios.com\/futbol\/wp-json\/wp\/v2\/posts"}],"about":[{"href":"http:\/\/desarrollo.grupomedios.com\/futbol\/wp-json\/wp\/v2\/types\/post"}],"author":[{"embeddable":true,"href":"http:\/\/desarrollo.grupomedios.com\/futbol\/wp-json\/wp\/v2\/users\/20"}],"replies":[{"embeddable":true,"href":"http:\/\/desarrollo.grupomedios.com\/futbol\/wp-json\/wp\/v2\/comments?post=302496"}],"version-history":[{"count":0,"href":"http:\/\/desarrollo.grupomedios.com\/futbol\/wp-json\/wp\/v2\/posts\/302496\/revisions"}],"wp:featuredmedia":[{"embeddable":true,"href":"http:\/\/desarrollo.grupomedios.com\/futbol\/wp-json\/wp\/v2\/media\/302510"}],"wp:attachment":[{"href":"http:\/\/desarrollo.grupomedios.com\/futbol\/wp-json\/wp\/v2\/media?parent=302496"}],"wp:term":[{"taxonomy":"category","embeddable":true,"href":"http:\/\/desarrollo.grupomedios.com\/futbol\/wp-json\/wp\/v2\/categories?post=302496"},{"taxonomy":"post_tag","embeddable":true,"href":"http:\/\/desarrollo.grupomedios.com\/futbol\/wp-json\/wp\/v2\/tags?post=302496"}],"curies":[{"name":"wp","href":"https:\/\/api.w.org\/{rel}","templated":true}]}}