{"id":302635,"date":"2015-08-14T22:56:03","date_gmt":"2015-08-15T03:56:03","guid":{"rendered":"http:\/\/futboltotal.com.mx\/?p=302635"},"modified":"2015-08-15T15:08:04","modified_gmt":"2015-08-15T20:08:04","slug":"europa-imita-los-viernes-de-la-liga-mx","status":"publish","type":"post","link":"http:\/\/desarrollo.grupomedios.com\/futbol\/futbol-mexicano\/europa-imita-los-viernes-de-la-liga-mx\/2015\/08","title":{"rendered":"Europa imita los viernes de la Liga MX"},"content":{"rendered":"<p>Desde hace un par de a\u00f1os, la <strong><a href=\"http:\/\/futboltotal.com.mx\/futbol-mexicano\/\" target=\"_blank\">Liga MX<\/a><\/strong> acostumbr\u00f3 a la afici\u00f3n a que los viernes ser\u00edan dedicados a abrir cada jornada de las campa\u00f1as en turno; por eso sorprende, que en el inicio del segundo fin de semana de agosto, el futbol europeo tambi\u00e9n haya tenido actividad en este d\u00eda de la semana.<\/p>\n<p>Hubo gratas sorpresas a nivel internacional en este viernes 14 de agosto, pues la <strong>Bundesliga<\/strong> decidi\u00f3 dar inicio, y en la agenda estaba nada m\u00e1s y nada menos que el <strong>Bayern Munich<\/strong>, quien inici\u00f3 el torneo con una <a href=\"http:\/\/futboltotal.com.mx\/2015\/08\/debut-aplastante-del-bayern-en-bundesliga\/\" target=\"_blank\">aplastante victoria<\/a> de 5-0 sobre el Hamburgo.<\/p>\n<p>Adem\u00e1s, el futbol espa\u00f1ol tambi\u00e9n present\u00f3 un duelo atractivo, en la <strong>Supercopa Espa\u00f1ola<\/strong>, donde sorpresivamente, el duelo de ida lo gan\u00f3 el\u00a0<strong>Athletic de Bilbao, <\/strong>que\u00a0<a href=\"http:\/\/futboltotal.com.mx\/2015\/08\/athletic-club-humilla-al-barcelona\/\" target=\"_blank\">gole\u00f3 al <strong>Barcelona<\/strong><\/a> en el San Mam\u00e9s, con lo que dej\u00f3 boquiabierto a los miles de asistentes y a millones de tele-espectadores.<\/p>\n<p>Tambi\u00e9n la Premier League tuvo acci\u00f3n desde este viernes en su jornada 2, donde el <strong>Manchester United<\/strong> tuvo participaci\u00f3n y un juego en el que muchos mexicanos estaban pendientes de lo que ocurriera con <strong>Javier Hern\u00e1ndez<\/strong> en dicho cotejo. Los <em>Red Devils<\/em> vencieron.<\/p>\n<p>Mientras tanto en M\u00e9xico, el viernes termin\u00f3 con el inicio de la jornada 5, con los juegos entre Veracruz y Quer\u00e9taro, y Santos vs Am\u00e9rica, un par de duelos intensos que encendieron a la afici\u00f3n del Puerto <em>Jarocho<\/em> y de Torre\u00f3n.<\/p>\n<p>Por ello el <em>viernes botanero<\/em>, como lo llama la cadena de televisi\u00f3n que emite los juegos de <strong>Liga MX<\/strong> que se realizan este d\u00eda de la semana, lleg\u00f3 a un nivel superior.<\/p>\n","protected":false},"excerpt":{"rendered":"<p>La actividad europea emul\u00f3 la tendencia de futbol en viernes<\/p>\n","protected":false},"author":20,"featured_media":302698,"comment_status":"open","ping_status":"open","sticky":false,"template":"","format":"standard","meta":[],"categories":[3839,2198,3844,3845],"tags":[119,64,299],"_links":{"self":[{"href":"http:\/\/desarrollo.grupomedios.com\/futbol\/wp-json\/wp\/v2\/posts\/302635"}],"collection":[{"href":"http:\/\/desarrollo.grupomedios.com\/futbol\/wp-json\/wp\/v2\/posts"}],"about":[{"href":"http:\/\/desarrollo.grupomedios.com\/futbol\/wp-json\/wp\/v2\/types\/post"}],"author":[{"embeddable":true,"href":"http:\/\/desarrollo.grupomedios.com\/futbol\/wp-json\/wp\/v2\/users\/20"}],"replies":[{"embeddable":true,"href":"http:\/\/desarrollo.grupomedios.com\/futbol\/wp-json\/wp\/v2\/comments?post=302635"}],"version-history":[{"count":0,"href":"http:\/\/desarrollo.grupomedios.com\/futbol\/wp-json\/wp\/v2\/posts\/302635\/revisions"}],"wp:featuredmedia":[{"embeddable":true,"href":"http:\/\/desarrollo.grupomedios.com\/futbol\/wp-json\/wp\/v2\/media\/302698"}],"wp:attachment":[{"href":"http:\/\/desarrollo.grupomedios.com\/futbol\/wp-json\/wp\/v2\/media?parent=302635"}],"wp:term":[{"taxonomy":"category","embeddable":true,"href":"http:\/\/desarrollo.grupomedios.com\/futbol\/wp-json\/wp\/v2\/categories?post=302635"},{"taxonomy":"post_tag","embeddable":true,"href":"http:\/\/desarrollo.grupomedios.com\/futbol\/wp-json\/wp\/v2\/tags?post=302635"}],"curies":[{"name":"wp","href":"https:\/\/api.w.org\/{rel}","templated":true}]}}