{"id":302719,"date":"2015-08-15T08:21:35","date_gmt":"2015-08-15T13:21:35","guid":{"rendered":"http:\/\/futboltotal.com.mx\/?p=302719"},"modified":"2015-08-15T11:12:29","modified_gmt":"2015-08-15T16:12:29","slug":"alejandro-vela-jugara-en-segunda-division-de-estados-unidos","status":"publish","type":"post","link":"http:\/\/desarrollo.grupomedios.com\/futbol\/futbol-internacional\/alejandro-vela-jugara-en-segunda-division-de-estados-unidos\/2015\/08","title":{"rendered":"Alejandro Vela jugar\u00e1 en Segunda Divisi\u00f3n de Estados Unidos"},"content":{"rendered":"<p>La carrera de un futbolista puede ser muy dif\u00edcil y hay ocasiones en que nada es como se presupuestaba. Para <strong>Alejandro Vela,<\/strong> todo cambi\u00f3 el verano pasado tras no entrar en ninguna negociaci\u00f3n en el Draft del futbol mexicano y tampoco ser\u00a0considerado para seguir con el Cruz Azul para el Apertura 2015, por lo que su futuro, contra todo pron\u00f3stico, <strong>estar\u00e1 en la NASL, Segunda Divisi\u00f3n de los Estados Unidos<\/strong>.<\/p>\n<p>El hermano mayor de Carlos Vela llegar\u00e1 al Minnesota United FC, club de la Segunda Divisi\u00f3n de los Estados Unidos, que para 2018 ya ser\u00eda parte de la MLS, de acuerdo a la expansi\u00f3n que tiene la Liga cada a\u00f1o.<\/p>\n<p>Alejandro Vela jug\u00f3 su \u00faltimo torneo en el Clausura 2015 con Cruz Azul y a ra\u00edz de la llegada de Sergio Bueno, fue notificado que no ser\u00eda m\u00e1s parte del equipo. La intenci\u00f3n inicial era\u00a0negociarlo en el pasado Draft en Canc\u00fan, pero no se lleg\u00f3 a ning\u00fan acuerdo ni en Primera Divisi\u00f3n ni en el Ascenso MX.<\/p>\n<p>Luego de ese par de opciones descartadas, se le busc\u00f3 acomodo en la MLS, pero no se negoci\u00f3 tampoco en ning\u00fan equipo hasta la semana pasada, cuando se cerraron los registros en dicha liga.\u00a0Es por eso que se recurri\u00f3 a la Segunda Divisi\u00f3n del balompi\u00e9 norteamericano y fue el <strong>Minnesota United FC el equipo que se llevar\u00e1 a Alejandro Vela<\/strong>, seg\u00fan reporta <em>ESPN<\/em>. <\/p>\n<p>Se sabe que en cuanto al acuerdo econ\u00f3mico, el jugador se llegar\u00e1 con un sueldo similar al que ten\u00eda en Cruz Azul, por lo que en ese sentido, no terminar\u00e1 con saldo negativo. Cabe apuntar que en esta misma Liga est\u00e1 el New York Cosmos, equipo en el que juegan los espa\u00f1oles Ra\u00fal Gonz\u00e1lez y Marcos Senna, dos hist\u00f3ricos del futbol mundial, el primero, una leyenda del Real Madrid; mientras que el segundo, campe\u00f3n de Europa con Espa\u00f1a en 2008.<\/p>\n","protected":false},"excerpt":{"rendered":"<p>Mientras que en M\u00e9xico no pudo cerrar acuerdo, en la MLS los registros cerraron semanas atr\u00e1s<\/p>\n","protected":false},"author":20,"featured_media":302720,"comment_status":"open","ping_status":"open","sticky":false,"template":"","format":"standard","meta":[],"categories":[3839,3844],"tags":[2412,5940],"_links":{"self":[{"href":"http:\/\/desarrollo.grupomedios.com\/futbol\/wp-json\/wp\/v2\/posts\/302719"}],"collection":[{"href":"http:\/\/desarrollo.grupomedios.com\/futbol\/wp-json\/wp\/v2\/posts"}],"about":[{"href":"http:\/\/desarrollo.grupomedios.com\/futbol\/wp-json\/wp\/v2\/types\/post"}],"author":[{"embeddable":true,"href":"http:\/\/desarrollo.grupomedios.com\/futbol\/wp-json\/wp\/v2\/users\/20"}],"replies":[{"embeddable":true,"href":"http:\/\/desarrollo.grupomedios.com\/futbol\/wp-json\/wp\/v2\/comments?post=302719"}],"version-history":[{"count":0,"href":"http:\/\/desarrollo.grupomedios.com\/futbol\/wp-json\/wp\/v2\/posts\/302719\/revisions"}],"wp:featuredmedia":[{"embeddable":true,"href":"http:\/\/desarrollo.grupomedios.com\/futbol\/wp-json\/wp\/v2\/media\/302720"}],"wp:attachment":[{"href":"http:\/\/desarrollo.grupomedios.com\/futbol\/wp-json\/wp\/v2\/media?parent=302719"}],"wp:term":[{"taxonomy":"category","embeddable":true,"href":"http:\/\/desarrollo.grupomedios.com\/futbol\/wp-json\/wp\/v2\/categories?post=302719"},{"taxonomy":"post_tag","embeddable":true,"href":"http:\/\/desarrollo.grupomedios.com\/futbol\/wp-json\/wp\/v2\/tags?post=302719"}],"curies":[{"name":"wp","href":"https:\/\/api.w.org\/{rel}","templated":true}]}}