{"id":302725,"date":"2015-08-15T09:10:13","date_gmt":"2015-08-15T14:10:13","guid":{"rendered":"http:\/\/futboltotal.com.mx\/?p=302725"},"modified":"2015-08-15T09:12:41","modified_gmt":"2015-08-15T14:12:41","slug":"roberto-soldado-nuevo-futbolista-del-villarreal","status":"publish","type":"post","link":"http:\/\/desarrollo.grupomedios.com\/futbol\/futbol-internacional\/liga-de-espana\/roberto-soldado-nuevo-futbolista-del-villarreal\/2015\/08","title":{"rendered":"Roberto Soldado, nuevo futbolista del Villarreal"},"content":{"rendered":"<p>El <strong>Villarreal<\/strong> y el Tottenham Hotspur llegaron a un acuerdo (mismo que se busc\u00f3 durante el comienzo del verano) y <strong>el delantero Roberto Soldado, se vestir\u00e1 de amarillo durante las pr\u00f3ximas tres temporadas<\/strong>.<\/p>\n<p>Roberto Soldado es un delantero centro puro, que ha sido internacional absoluto por Espa\u00f1a en 12 ocasiones, anotando siete goles con la el\u00e1stica del combinado nacional. El ariete siempre ha demostrado tener un olfato de gol sobresaliente y su huella fue plasmada con alaridos en la m\u00e1xima categor\u00eda del f\u00fatbol espa\u00f1ol. Con Valencia celebr\u00f3(82), con Getafe CF no fall\u00f3 (33), en el Tottenham Hotspur rindi\u00f3(16), en Osasuna cumpli\u00f3 (12) y con el Real Madrid decepcion\u00f3 (4), pero luego de esos cambios, el ib\u00e9rico ya tiene en su palmar\u00e9s 147 goles. <\/p>\n<p>Diestro, potente en carrera y con un excelente remate de cabeza, Roberto Soldado est\u00e1 llamado a ser un referente en la delantera del equipo entrenado por Marcelino Garc\u00eda Toral. Un refuerzo de lujo para el <em>Submarino Amarillo<\/em>, que perdi\u00f3 a sus grandes referentes del arsenal ofensivo en verano, tras las salidas de Ikechukwu Uche, Giovani dos Santos y Luciano Vietto. Lo que s\u00ed, compartir\u00e1 vestidor con el mexicano Jonathan dos Santos, que se qued\u00f3 en la plantilla del conjunto espa\u00f1ol a pesar de ofertas tentadoras para abandonar la entidad. <\/p>\n<blockquote class=\"twitter-tweet\" lang=\"es\">\n<p lang=\"es\" dir=\"ltr\">Te esper\u00e1bamos con ilusi\u00f3n&#8230; \u00a1Bienvenido! Benvingut! Welcome! <a href=\"https:\/\/twitter.com\/R9Soldado\">@R9Soldado<\/a> <a href=\"http:\/\/t.co\/XsnqZwQVUU\">http:\/\/t.co\/XsnqZwQVUU<\/a> <a href=\"http:\/\/t.co\/ZfbtIpP7Jf\">pic.twitter.com\/ZfbtIpP7Jf<\/a><\/p>\n<p>&mdash; Villarreal CF (@VillarrealCF) <a href=\"https:\/\/twitter.com\/VillarrealCF\/status\/632221354406899712\">agosto 14, 2015<\/a><\/p><\/blockquote>\n<p><script async src=\"\/\/platform.twitter.com\/widgets.js\" charset=\"utf-8\"><\/script><\/p>\n<p>El delantero Roberto Soldado ser\u00e1 presentado por la directiva del Villarreal el pr\u00f3ximo lunes 17 de agosto en la Ermita de la Mare de D\u00e9u de Gr\u00e0cia a partir de las 21.00 horas, en un acto abierto a toda la afici\u00f3n amarilla.<\/p>\n<blockquote class=\"instagram-media\" data-instgrm-captioned data-instgrm-version=\"4\" style=\" background:#FFF; border:0; border-radius:3px; box-shadow:0 0 1px 0 rgba(0,0,0,0.5),0 1px 10px 0 rgba(0,0,0,0.15); margin: 1px; max-width:500px; padding:0; width:99.375%; width:-webkit-calc(100% - 2px); width:calc(100% - 2px);\">\n<div style=\"padding:8px;\">\n<div style=\" background:#F8F8F8; line-height:0; margin-top:40px; padding:50% 0; text-align:center; width:100%;\">\n<div style=\" background:url(data:image\/png;base64,iVBORw0KGgoAAAANSUhEUgAAACwAAAAsCAMAAAApWqozAAAAGFBMVEUiIiI9PT0eHh4gIB4hIBkcHBwcHBwcHBydr+JQAAAACHRSTlMABA4YHyQsM5jtaMwAAADfSURBVDjL7ZVBEgMhCAQBAf\/\/42xcNbpAqakcM0ftUmFAAIBE81IqBJdS3lS6zs3bIpB9WED3YYXFPmHRfT8sgyrCP1x8uEUxLMzNWElFOYCV6mHWWwMzdPEKHlhLw7NWJqkHc4uIZphavDzA2JPzUDsBZziNae2S6owH8xPmX8G7zzgKEOPUoYHvGz1TBCxMkd3kwNVbU0gKHkx+iZILf77IofhrY1nYFnB\/lQPb79drWOyJVa\/DAvg9B\/rLB4cC+Nqgdz\/TvBbBnr6GBReqn\/nRmDgaQEej7WhonozjF+Y2I\/fZou\/qAAAAAElFTkSuQmCC); display:block; height:44px; margin:0 auto -44px; position:relative; top:-22px; width:44px;\"><\/div>\n<\/div>\n<p style=\" margin:8px 0 0 0; padding:0 4px;\"> <a href=\"https:\/\/instagram.com\/p\/6ZnhPaprKc\/\" style=\" color:#000; font-family:Arial,sans-serif; font-size:14px; font-style:normal; font-weight:normal; line-height:17px; text-decoration:none; word-wrap:break-word;\" target=\"_top\">Buenos d\u00edas! Primer viaje con el equipo. Con ganas de que llegue esta noche para poder debutar con el equipo. #Endavant<\/a><\/p>\n<p style=\" color:#c9c8cd; font-family:Arial,sans-serif; font-size:14px; line-height:17px; margin-bottom:0; margin-top:8px; overflow:hidden; padding:8px 0 7px; text-align:center; text-overflow:ellipsis; white-space:nowrap;\">A photo posted by Roberto Soldado (@r9soldado) on <time style=\" font-family:Arial,sans-serif; font-size:14px; line-height:17px;\" datetime=\"2015-08-15T10:14:13+00:00\">Aug 15, 2015 at 3:14am PDT<\/time><\/p>\n<\/div>\n<\/blockquote>\n<p><script async defer src=\"\/\/platform.instagram.com\/en_US\/embeds.js\"><\/script><\/p>\n","protected":false},"excerpt":{"rendered":"<p>Llega como el estelar en el ataque tras las salidas de Ikechukwu Uche, Giovani dos Santos y Luciano Vietto <\/p>\n","protected":false},"author":20,"featured_media":302727,"comment_status":"open","ping_status":"open","sticky":false,"template":"","format":"standard","meta":[],"categories":[3844],"tags":[2440,2607],"_links":{"self":[{"href":"http:\/\/desarrollo.grupomedios.com\/futbol\/wp-json\/wp\/v2\/posts\/302725"}],"collection":[{"href":"http:\/\/desarrollo.grupomedios.com\/futbol\/wp-json\/wp\/v2\/posts"}],"about":[{"href":"http:\/\/desarrollo.grupomedios.com\/futbol\/wp-json\/wp\/v2\/types\/post"}],"author":[{"embeddable":true,"href":"http:\/\/desarrollo.grupomedios.com\/futbol\/wp-json\/wp\/v2\/users\/20"}],"replies":[{"embeddable":true,"href":"http:\/\/desarrollo.grupomedios.com\/futbol\/wp-json\/wp\/v2\/comments?post=302725"}],"version-history":[{"count":0,"href":"http:\/\/desarrollo.grupomedios.com\/futbol\/wp-json\/wp\/v2\/posts\/302725\/revisions"}],"wp:featuredmedia":[{"embeddable":true,"href":"http:\/\/desarrollo.grupomedios.com\/futbol\/wp-json\/wp\/v2\/media\/302727"}],"wp:attachment":[{"href":"http:\/\/desarrollo.grupomedios.com\/futbol\/wp-json\/wp\/v2\/media?parent=302725"}],"wp:term":[{"taxonomy":"category","embeddable":true,"href":"http:\/\/desarrollo.grupomedios.com\/futbol\/wp-json\/wp\/v2\/categories?post=302725"},{"taxonomy":"post_tag","embeddable":true,"href":"http:\/\/desarrollo.grupomedios.com\/futbol\/wp-json\/wp\/v2\/tags?post=302725"}],"curies":[{"name":"wp","href":"https:\/\/api.w.org\/{rel}","templated":true}]}}