{"id":302737,"date":"2015-08-15T16:30:00","date_gmt":"2015-08-15T21:30:00","guid":{"rendered":"http:\/\/futboltotal.com.mx\/?p=302737"},"modified":"2015-08-15T16:31:02","modified_gmt":"2015-08-15T21:31:02","slug":"nathan-ake-nuevo-companero-de-miguel-layun-en-watford","status":"publish","type":"post","link":"http:\/\/desarrollo.grupomedios.com\/futbol\/uncategorized\/nathan-ake-nuevo-companero-de-miguel-layun-en-watford\/2015\/08","title":{"rendered":"Nathan Ak\u00e9, nuevo compa\u00f1ero de Lay\u00fan en Watford"},"content":{"rendered":"<p>El defensor\u00a0del Chelsea,\u00a0<strong>Nathan Ak\u00e9<\/strong>, fue cedido una temporada al conjunto del Watford, equipo donde milita el mexicano, Miguel Lay\u00fan. El futbolista holand\u00e9s tiene contrato con los\u00a0<em>Blues<\/em> hasta el verano del 2020, sin embargo, su estratega, Jos\u00e9 Mourinho opt\u00f3 por cederlo una temporada para que tenga una mayor continuidad y mejore sus condiciones f\u00edsicas.<\/p>\n<p>El equipo de los Hornets hizo oficial a trav\u00e9s de su p\u00e1gina la llegada del futbolista de 20 a\u00f1os de edad, destacan que\u00a0<strong>Ak\u00e9\u00a0<\/strong>estar\u00e1\u00a0<span lang=\"es\">en el primer equipo bajo las \u00f3rdenes del t\u00e9cnico Quique S\u00e1nchez Flores para el resto de la campa\u00f1a 2015-16 de la Premier League .<\/span><\/p>\n<p>En la temporada 2014-15,<strong> Nathan Ak\u00e9\u00a0<\/strong>disput\u00f3 959 minutos en 13 partidos. El Watford consider\u00f3 que este jugador cuenta con grandes caracter\u00edsticas que pueden beneficiar a la escuadra. Entre lo que m\u00e1s destaca es su manejo de\u00a0juego a\u00e9reo\u00a0y su manera de\u00a0anticiparse a los ofensores.<\/p>\n<p>A trav\u00e9s de su cuenta oficial de twitter, Watford\u00a0subi\u00f3 la primera foto del jugador holand\u00e9s con la playera de su nuevo equipo.<\/p>\n<blockquote class=\"twitter-tweet\" lang=\"es\">\n<p dir=\"ltr\" lang=\"en\">OFFICIAL: Welcome to <a href=\"https:\/\/twitter.com\/hashtag\/watfordfc?src=hash\">#watfordfc<\/a>, <a href=\"https:\/\/twitter.com\/NathanAke\">@NathanAke<\/a> <a href=\"http:\/\/t.co\/YilhrQzy33\">pic.twitter.com\/YilhrQzy33<\/a><\/p>\n<p>\u2014 Watford FC (@WatfordFC) <a href=\"https:\/\/twitter.com\/WatfordFC\/status\/632225220821143552\">agosto 14, 2015<\/a><\/p><\/blockquote>\n<p><script src=\"\/\/platform.twitter.com\/widgets.js\" async=\"\" charset=\"utf-8\"><\/script><\/p>\n<p>Con esta firma, los <em>Hornets<\/em> sumaron a su d\u00e9cimo refuerzo en el periodo de transferencias y est\u00e1n a la expectativa de firmar al exseleccionado\u00a0italiano Alessandro Diamanti, con el que podr\u00edan sumar un excelente cobrador con pelotas a bal\u00f3n parado y gran imaginaci\u00f3n para ofrecer pases filtrados al ataque.<\/p>\n","protected":false},"excerpt":{"rendered":"<p>El Chelsea prest\u00f3 por un a\u00f1o al jugador holand\u00e9s para los Hornets <\/p>\n","protected":false},"author":20,"featured_media":302759,"comment_status":"open","ping_status":"open","sticky":false,"template":"","format":"standard","meta":[],"categories":[3839,3844,1],"tags":[1035,5942,4370],"_links":{"self":[{"href":"http:\/\/desarrollo.grupomedios.com\/futbol\/wp-json\/wp\/v2\/posts\/302737"}],"collection":[{"href":"http:\/\/desarrollo.grupomedios.com\/futbol\/wp-json\/wp\/v2\/posts"}],"about":[{"href":"http:\/\/desarrollo.grupomedios.com\/futbol\/wp-json\/wp\/v2\/types\/post"}],"author":[{"embeddable":true,"href":"http:\/\/desarrollo.grupomedios.com\/futbol\/wp-json\/wp\/v2\/users\/20"}],"replies":[{"embeddable":true,"href":"http:\/\/desarrollo.grupomedios.com\/futbol\/wp-json\/wp\/v2\/comments?post=302737"}],"version-history":[{"count":0,"href":"http:\/\/desarrollo.grupomedios.com\/futbol\/wp-json\/wp\/v2\/posts\/302737\/revisions"}],"wp:featuredmedia":[{"embeddable":true,"href":"http:\/\/desarrollo.grupomedios.com\/futbol\/wp-json\/wp\/v2\/media\/302759"}],"wp:attachment":[{"href":"http:\/\/desarrollo.grupomedios.com\/futbol\/wp-json\/wp\/v2\/media?parent=302737"}],"wp:term":[{"taxonomy":"category","embeddable":true,"href":"http:\/\/desarrollo.grupomedios.com\/futbol\/wp-json\/wp\/v2\/categories?post=302737"},{"taxonomy":"post_tag","embeddable":true,"href":"http:\/\/desarrollo.grupomedios.com\/futbol\/wp-json\/wp\/v2\/tags?post=302737"}],"curies":[{"name":"wp","href":"https:\/\/api.w.org\/{rel}","templated":true}]}}